{"id":19849,"date":"2007-11-22T17:37:12","date_gmt":"2007-11-22T17:37:12","guid":{"rendered":"https:\/\/obscom.intervozes.org.br\/wordpress\/?p=19849"},"modified":"2007-11-22T17:37:12","modified_gmt":"2007-11-22T17:37:12","slug":"ciclo-debate-relacao-da-comunicacao-com-o-ambiente-escolar","status":"publish","type":"post","link":"https:\/\/obscom.intervozes.org.br\/?p=19849","title":{"rendered":"Ciclo debate rela\u00e7\u00e3o da comunica\u00e7\u00e3o com o ambiente escolar"},"content":{"rendered":"<p><span>Internet, lan-houses, TV digital e a populariza&ccedil;&atilde;o dos computadores. De que forma essas inova&ccedil;&otilde;es est&atilde;o impactando a educa&ccedil;&atilde;o? Este &eacute; o tema do ciclo de debates &quot;A Comunica&ccedil;&atilde;o Invade a Escola!&quot; que acontece de 27 a 29 de novembro no audit&oacute;rio do Museu de Arte Contempor&acirc;nea de Niter&oacute;i (MAC). Promovido pela Bem TV &#8211; Educa&ccedil;&atilde;o e Comunica&ccedil;&atilde;o o evento come&ccedil;a sempre &agrave;s 16 horas com a exibi&ccedil;&atilde;o de v&iacute;deos, jornais, sites e spots de r&aacute;dio produzidos por jovens de escolas p&uacute;blicas de todo o pa&iacute;s.<\/p>\n<p><\/span><span>No primeiro dia de discuss&atilde;o o tema ser&aacute; &quot;A Escola em Tempos de Transforma&ccedil;&atilde;o Social&quot;. A proposta &eacute; avaliar a forma como a escola est&aacute; (ou n&atilde;o est&aacute;) acompanhando as profundas transforma&ccedil;&otilde;es por que passa a sociedade contempor&acirc;nea, a partir da recente revolu&ccedil;&atilde;o tecnol&oacute;gica na &aacute;rea de comunica&ccedil;&atilde;o. O segundo debate aborda especificamente o impacto e uso da &quot;Internet na Escola&quot;. <\/p>\n<p><\/span><span>No dia 27 ser&atilde;o analisados os espa&ccedil;os e perspectivas de a&ccedil;&atilde;o protag&ocirc;nica do jovem no ambiente escolar. Nesse dia haver&aacute; ainda o lan&ccedil;amento da publica&ccedil;&atilde;o &quot;A Comunica&ccedil;&atilde;o Invade a Escola!&quot;, que apresenta a experi&ecirc;ncia da Bem TV no desenvolvimento do projeto Educomunicar, realizado em parceria com o Instituto Unibanco.<\/p>\n<p><\/span><span>O projeto, que inclui o ciclo de debates &quot;A Comunica&ccedil;&atilde;o Invade a Escola!&quot; entre suas atividades, j&aacute; capacitou 60 professores de 20 escolas p&uacute;blicas (municipais e estaduais) de Niter&oacute;i para usar a comunica&ccedil;&atilde;o como metodologia pedag&oacute;gica. R&aacute;dios escolares, fanzines, jornais, v&iacute;deos e websites desenvolvidos por crian&ccedil;as e jovens surgiram como desdobramento dessa capacita&ccedil;&atilde;o em 7 das escolas parceiras. Em 2007 pelo menos outros 10 projetos de comunica&ccedil;&atilde;o ter&atilde;o in&iacute;cio em estabelecimentos de ensino envolvidos este ano com o projeto.<\/p>\n<p><\/span><span>Para mais informa&ccedil;&otilde;es, acesse <a href=\"http:\/\/www.bemtv.org.br\/\">www.bemtv.org.br<\/a> ou escreva para <a href=\"mailto:bemtv@bemtv.org.br\">bemtv@bemtv.org.br<\/a><br \/><\/span><span>Telefone para contato: 21-3604-1500 (Aline)<\/span><\/p>\n","protected":false},"excerpt":{"rendered":"<p>Internet, lan-houses, TV digital e a populariza&ccedil;&atilde;o dos computadores. De que forma essas inova&ccedil;&otilde;es est&atilde;o impactando a educa&ccedil;&atilde;o? Este &eacute; o tema do ciclo de debates &quot;A Comunica&ccedil;&atilde;o Invade a Escola!&quot; que acontece de 27 a 29 de novembro no audit&oacute;rio do Museu de Arte Contempor&acirc;nea de Niter&oacute;i (MAC). Promovido pela Bem TV &#8211; Educa&ccedil;&atilde;o &hellip; <a href=\"https:\/\/obscom.intervozes.org.br\/?p=19849\" class=\"more-link\">Continue lendo <span class=\"screen-reader-text\">Ciclo debate rela\u00e7\u00e3o da comunica\u00e7\u00e3o com o ambiente escolar<\/span> <span class=\"meta-nav\">&rarr;<\/span><\/a><\/p>\n","protected":false},"author":1,"featured_media":0,"comment_status":"open","ping_status":"open","sticky":false,"template":"","format":"standard","meta":{"footnotes":""},"categories":[40],"tags":[170],"_links":{"self":[{"href":"https:\/\/obscom.intervozes.org.br\/index.php?rest_route=\/wp\/v2\/posts\/19849"}],"collection":[{"href":"https:\/\/obscom.intervozes.org.br\/index.php?rest_route=\/wp\/v2\/posts"}],"about":[{"href":"https:\/\/obscom.intervozes.org.br\/index.php?rest_route=\/wp\/v2\/types\/post"}],"author":[{"embeddable":true,"href":"https:\/\/obscom.intervozes.org.br\/index.php?rest_route=\/wp\/v2\/users\/1"}],"replies":[{"embeddable":true,"href":"https:\/\/obscom.intervozes.org.br\/index.php?rest_route=%2Fwp%2Fv2%2Fcomments&post=19849"}],"version-history":[{"count":0,"href":"https:\/\/obscom.intervozes.org.br\/index.php?rest_route=\/wp\/v2\/posts\/19849\/revisions"}],"wp:attachment":[{"href":"https:\/\/obscom.intervozes.org.br\/index.php?rest_route=%2Fwp%2Fv2%2Fmedia&parent=19849"}],"wp:term":[{"taxonomy":"category","embeddable":true,"href":"https:\/\/obscom.intervozes.org.br\/index.php?rest_route=%2Fwp%2Fv2%2Fcategories&post=19849"},{"taxonomy":"post_tag","embeddable":true,"href":"https:\/\/obscom.intervozes.org.br\/index.php?rest_route=%2Fwp%2Fv2%2Ftags&post=19849"}],"curies":[{"name":"wp","href":"https:\/\/api.w.org\/{rel}","templated":true}]}}