{"id":19847,"date":"2007-11-22T17:06:42","date_gmt":"2007-11-22T17:06:42","guid":{"rendered":"https:\/\/obscom.intervozes.org.br\/wordpress\/?p=19847"},"modified":"2016-06-01T17:48:18","modified_gmt":"2016-06-01T17:48:18","slug":"as-materias-que-nao-viraram-noticias","status":"publish","type":"post","link":"https:\/\/obscom.intervozes.org.br\/?p=19847","title":{"rendered":"As mat\u00e9rias que n\u00e3o viraram not\u00edcias"},"content":{"rendered":"<p>Numa sociedade focada essencialmente na \u201cinforma\u00e7\u00e3o\u201d, a m\u00eddia adquiriu, como nunca na epop\u00e9ia humana, um papel relevante na caracteriza\u00e7\u00e3o daquilo que entendemos por verdade. Comumente nos deparamos com not\u00edcias imprecisas que adquirem facticidade em resultado da sua divulga\u00e7\u00e3o maci\u00e7a, ainda que conflitem diretamente com fatos reais n\u00e3o publicizados, desvelando a associa\u00e7\u00e3o aguda entre a \u201cverdade\u201d e a \u201cinforma\u00e7\u00e3o compartilhada\u201d.<\/p>\n<p>Essa vincula\u00e7\u00e3o resta bastante agravada em raz\u00e3o da preval\u00eancia dos interesses privados sustentada por parcela importante da m\u00eddia em desfavor da coisa p\u00fablica.<\/p>\n<p>A prop\u00f3sito do assunto, o caso das \u201cmat\u00e9rias que n\u00e3o viraram not\u00edcias\u201d, em Fortaleza\/CE, \u00e9 exemplar! Trata-se de mat\u00e9rias realizadas pelo jornal Di\u00e1rio do Nordeste e pela TV Di\u00e1rio (empresas do Sistema Verdes Mares de Comunica\u00e7\u00e3o), em resultado da den\u00fancia de um envolvido no grave acidente ocorrido na Vaquejada de Itapebussu 2007, que, por raz\u00f5es desconhecidas, n\u00e3o foram veiculadas naqueles canais de comunica\u00e7\u00e3o. Ali\u00e1s, conv\u00e9m salientar, que esse sinistro, preliminarmente, n\u00e3o fora noticiado pela imprensa cearense, at\u00e9 que, em resultado da provoca\u00e7\u00e3o, fora publicizado no jornal \u201cO POVO\u201d, em 20.10.2007 e 21.10.2007, essa \u00faltima, sob o titulo \u201cO fato que n\u00e3o virou not\u00edcia\u201d, por meio da qual o peri\u00f3dico incita uma reflex\u00e3o sobre o sil\u00eancio da m\u00eddia a respeito daquele evento.<\/p>\n<p>N\u00e3o h\u00e1 como validar a estranha \u201ccegueira\u201d da imprensa e o suposto desconhecimento do fato e, pela gravidade, suas implica\u00e7\u00f5es. Todavia, mais inusitada do que a \u201ccegueira\u201d \u00e9 a injustificada \u201cmudez\u201d, desvelada na n\u00e3o-divulga\u00e7\u00e3o de mat\u00e9rias produzidas sobre o acidente por alguns canais de comunica\u00e7\u00e3o, sem que lhes seja facultado o \u00e1libi do desconhecimento do fato.<\/p>\n<p>Urge assentar que as mat\u00e9rias somente foram realizadas ap\u00f3s in\u00fameras reitera\u00e7\u00f5es, muitas delas suscitando as raz\u00f5es da inexplic\u00e1vel omiss\u00e3o daqueles canais, com vistas a contraditar a SEGURAN\u00c7A TOTAL propagada pelos organizadores da Vaquejada, na m\u00eddia local, mormente no especial veiculado no Programa \u201cVaquejada\u201d, da TV Di\u00e1rio.<\/p>\n<p>Instados, diversas vezes, a respeito das \u201cmat\u00e9rias que n\u00e3o viraram not\u00edcias\u201d, sobretudo o sentido de se realizar reportagens que apenas se prestariam para avolumar os arquivos &#8220;mortos&#8221; daquelas entidades, os envolvidos se limitaram a apresentar evasivas no af\u00e3 de validar o veto: \u201cestamos com problemas de espa\u00e7o no jornal&#8230;\u201d, \u201ceu acho que ainda vai sair&#8230;\u201d \u201cpode ter havido problemas na filmagem&#8230;\u201d etc.<\/p>\n<p>N\u00e3o quero (e nem posso) me imiscuir na esfera decis\u00f3ria da linha editorial daqueles canais de comunica\u00e7\u00e3o, mas, bastam poucos minutos de leitura ou audi\u00e7\u00e3o di\u00e1rias para perceber que a mat\u00e9ria-den\u00fancia sobre o acidente de Itapebussu comporta muito mais relev\u00e2ncia e interesse p\u00fablico do que muitas das outras mat\u00e9rias veiculadas regularmente naqueles ve\u00edculos de comunica\u00e7\u00e3o. Ademais, pelas particularidades que as entornam, as mat\u00e9rias contemplam v\u00e1rias linhas de interesse editorial, facilitando, por conseguinte, sua publica\u00e7\u00e3o.<\/p>\n<p>Diante dessas evid\u00eancias, parece razo\u00e1vel aventar a possibilidade de as reportagens intentarem, unicamente, calar o denunciante, que suscitou a &#8220;parcialidade&#8221; da emissora ao preservar uma imagem equivocada (de SEGURAN\u00c7A TOTAL) da Vaquejada, e, sobretudo, inquirir: a quem interessa esse sil\u00eancio sobre o acidente? Ser\u00e1 que a vincula\u00e7\u00e3o direta dos organizadores da Vaquejada com a TV Di\u00e1rio (que apoiou, sob patroc\u00ednio financeiro, o evento) estaria contribuindo para obstar a veicula\u00e7\u00e3o das mat\u00e9rias (j\u00e1 realizadas), para n\u00e3o fragilizar a &#8220;imaculada compet\u00eancia&#8221; dos produtores do evento? Se o assunto era, do ponto de vista jornal\u00edstico, irrelevante, como justificar a mobiliza\u00e7\u00e3o de rep\u00f3rteres para investigar a den\u00f9ncia? Estaria havendo, no \u00e2mbito de inst\u00e2ncias que deveriam primar pela isen\u00e7\u00e3o e plena persecu\u00e7\u00e3o da Verdade, um inadmiss\u00edvel aviltamento do interesse p\u00fablico (presente nos esfor\u00e7os para desnudar a falsa imagem de &#8220;aus\u00eancia de incidentes graves na Vaquejada&#8221;) \u00a0 em favor de interesses privados?<\/p>\n<p>Diante desse flagrante desrespeito \u00e0 den\u00fancia, ao grave fato, aos envolvidos no acidente, aos rep\u00f3rteres que realizaram as mat\u00e9rias e, sobretudo, \u00e0 VERDADE, resta-me, t\u00e3o-somente, lastimar profundamente a conduta e, por conseq\u00fc\u00eancia, questionar a exorta\u00e7\u00e3o sistematicamente difundida pelos denunciados de propagarem \u201cInforma\u00e7\u00e3o com Credibilidade\u201d.<\/p>\n<p>Enquanto isso, para os leitores e expectadores daqueles canais de comunica\u00e7\u00e3o, a despeito dos riscos que esse engodo pode acarretar em eventos futuros, a \u201cSeguran\u00e7a Total da Vaquejada\u201d permanece como a mais cristalina express\u00e3o da verdade.<\/p>\n","protected":false},"excerpt":{"rendered":"<p>Leitor denuncia que um grave acidente ocorrido na Vaquejada de Itapebussu 2007, por raz\u00f5es desconhecidas, n\u00e3o foi noticiado nos canais do Sistema Verdes Mares de Comunica\u00e7\u00e3o.<\/p>\n","protected":false},"author":1,"featured_media":0,"comment_status":"open","ping_status":"open","sticky":false,"template":"","format":"standard","meta":{"footnotes":""},"categories":[42],"tags":[],"_links":{"self":[{"href":"https:\/\/obscom.intervozes.org.br\/index.php?rest_route=\/wp\/v2\/posts\/19847"}],"collection":[{"href":"https:\/\/obscom.intervozes.org.br\/index.php?rest_route=\/wp\/v2\/posts"}],"about":[{"href":"https:\/\/obscom.intervozes.org.br\/index.php?rest_route=\/wp\/v2\/types\/post"}],"author":[{"embeddable":true,"href":"https:\/\/obscom.intervozes.org.br\/index.php?rest_route=\/wp\/v2\/users\/1"}],"replies":[{"embeddable":true,"href":"https:\/\/obscom.intervozes.org.br\/index.php?rest_route=%2Fwp%2Fv2%2Fcomments&post=19847"}],"version-history":[{"count":1,"href":"https:\/\/obscom.intervozes.org.br\/index.php?rest_route=\/wp\/v2\/posts\/19847\/revisions"}],"predecessor-version":[{"id":29413,"href":"https:\/\/obscom.intervozes.org.br\/index.php?rest_route=\/wp\/v2\/posts\/19847\/revisions\/29413"}],"wp:attachment":[{"href":"https:\/\/obscom.intervozes.org.br\/index.php?rest_route=%2Fwp%2Fv2%2Fmedia&parent=19847"}],"wp:term":[{"taxonomy":"category","embeddable":true,"href":"https:\/\/obscom.intervozes.org.br\/index.php?rest_route=%2Fwp%2Fv2%2Fcategories&post=19847"},{"taxonomy":"post_tag","embeddable":true,"href":"https:\/\/obscom.intervozes.org.br\/index.php?rest_route=%2Fwp%2Fv2%2Ftags&post=19847"}],"curies":[{"name":"wp","href":"https:\/\/api.w.org\/{rel}","templated":true}]}}