{"id":19844,"date":"2007-11-22T16:25:56","date_gmt":"2007-11-22T16:25:56","guid":{"rendered":"https:\/\/obscom.intervozes.org.br\/wordpress\/?p=19844"},"modified":"2007-11-22T16:25:56","modified_gmt":"2007-11-22T16:25:56","slug":"avanco-das-radios-comunitarias-no-uruguai-e-exemplo-para-o-brasil-diz-abraco","status":"publish","type":"post","link":"https:\/\/obscom.intervozes.org.br\/?p=19844","title":{"rendered":"Avan\u00e7o das r\u00e1dios comunit\u00e1rias no Uruguai \u00e9 exemplo para o Brasil, diz Abra\u00e7o"},"content":{"rendered":"<p>Na semana passada, o senado uruguaio aprovou um projeto de lei que reconhece e obriga o Estado a promover e garantir a exist&ecirc;ncia das r&aacute;dios e TVs comunit&aacute;rias. Nele est&aacute; prevista a cria&ccedil;&atilde;o de um organismo com participa&ccedil;&atilde;o cidad&atilde; para dar maiores garantias para o funcionamento destes ve&iacute;culos. Tamb&eacute;m foram definidos procedimentos transparentes para as outorgas de transmiss&atilde;o e igualdade de oportunidades atrav&eacute;s de concursos abertos e p&uacute;blicos.<\/p>\n<p>Diferente de outros pa&iacute;ses que imp&otilde;em barreiras &agrave; cobertura destas emissoras, o projeto uruguaio diz que em nenhum caso a radiodifus&atilde;o comunit&aacute;ria ter&aacute; necessariamente um servi&ccedil;o de cobertura geogr&aacute;fica restrito. Tudo depender&aacute; da disponibilidade de espa&ccedil;o e da proposta de comunica&ccedil;&atilde;o da emissora.<\/p>\n<p>Para o coordenador de comunica&ccedil;&atilde;o e cultura da Associa&ccedil;&atilde;o Brasileira de R&aacute;dios Comunit&aacute;rias (Abra&ccedil;o), Jos&eacute; Guilherme Castro, v&aacute;rios pa&iacute;ses da Am&eacute;rica do Sul est&atilde;o avan&ccedil;ando positivamente na quest&atilde;o e deixam o Brasil numa situa&ccedil;&atilde;o cada vez mais vergonhosa. <\/p>\n<p>&ldquo;O direito de falar deixa de ser caso de pol&iacute;cia e passa a ser potencializado pelo Estado. Mudan&ccedil;a de enfoque total. Que essas ondas de liberdade possam atingir o Brasil. Quem aqui no Brasil tem o dossi&ecirc; que sabe o que &eacute; movimento de radiodifus&atilde;o comunit&aacute;ria? &Eacute; a Pol&iacute;cia Federal&rdquo;.<\/p>\n<p>De acordo com Jos&eacute; Guilherme, nos &uacute;ltimos cinco anos cerca de cinco mil pessoas foram condenadas pela Justi&ccedil;a no Brasil por trabalharem com comunica&ccedil;&atilde;o comunit&aacute;ria. Ele tamb&eacute;m destaca que o valor dos equipamentos apreendidos pela Pol&iacute;cia Federal representa mais do que o triplo dos recursos do Estado para projetos culturais.<\/p>\n","protected":false},"excerpt":{"rendered":"<p>Na semana passada, o senado uruguaio aprovou um projeto de lei que reconhece e obriga o Estado a promover e garantir a exist&ecirc;ncia das r&aacute;dios e TVs comunit&aacute;rias. Nele est&aacute; prevista a cria&ccedil;&atilde;o de um organismo com participa&ccedil;&atilde;o cidad&atilde; para dar maiores garantias para o funcionamento destes ve&iacute;culos. Tamb&eacute;m foram definidos procedimentos transparentes para as &hellip; <a href=\"https:\/\/obscom.intervozes.org.br\/?p=19844\" class=\"more-link\">Continue lendo <span class=\"screen-reader-text\">Avan\u00e7o das r\u00e1dios comunit\u00e1rias no Uruguai \u00e9 exemplo para o Brasil, diz Abra\u00e7o<\/span> <span class=\"meta-nav\">&rarr;<\/span><\/a><\/p>\n","protected":false},"author":1,"featured_media":0,"comment_status":"open","ping_status":"open","sticky":false,"template":"","format":"standard","meta":{"footnotes":""},"categories":[40],"tags":[119],"_links":{"self":[{"href":"https:\/\/obscom.intervozes.org.br\/index.php?rest_route=\/wp\/v2\/posts\/19844"}],"collection":[{"href":"https:\/\/obscom.intervozes.org.br\/index.php?rest_route=\/wp\/v2\/posts"}],"about":[{"href":"https:\/\/obscom.intervozes.org.br\/index.php?rest_route=\/wp\/v2\/types\/post"}],"author":[{"embeddable":true,"href":"https:\/\/obscom.intervozes.org.br\/index.php?rest_route=\/wp\/v2\/users\/1"}],"replies":[{"embeddable":true,"href":"https:\/\/obscom.intervozes.org.br\/index.php?rest_route=%2Fwp%2Fv2%2Fcomments&post=19844"}],"version-history":[{"count":0,"href":"https:\/\/obscom.intervozes.org.br\/index.php?rest_route=\/wp\/v2\/posts\/19844\/revisions"}],"wp:attachment":[{"href":"https:\/\/obscom.intervozes.org.br\/index.php?rest_route=%2Fwp%2Fv2%2Fmedia&parent=19844"}],"wp:term":[{"taxonomy":"category","embeddable":true,"href":"https:\/\/obscom.intervozes.org.br\/index.php?rest_route=%2Fwp%2Fv2%2Fcategories&post=19844"},{"taxonomy":"post_tag","embeddable":true,"href":"https:\/\/obscom.intervozes.org.br\/index.php?rest_route=%2Fwp%2Fv2%2Ftags&post=19844"}],"curies":[{"name":"wp","href":"https:\/\/api.w.org\/{rel}","templated":true}]}}