{"id":19842,"date":"2007-11-22T12:44:30","date_gmt":"2007-11-22T12:44:30","guid":{"rendered":"https:\/\/obscom.intervozes.org.br\/wordpress\/?p=19842"},"modified":"2007-11-22T12:44:30","modified_gmt":"2007-11-22T12:44:30","slug":"amarc-pede-que-governo-convoque-conferencia-nacional-de-comunicacao","status":"publish","type":"post","link":"https:\/\/obscom.intervozes.org.br\/?p=19842","title":{"rendered":"Amarc pede que governo convoque Confer\u00eancia Nacional de Comunica\u00e7\u00e3o"},"content":{"rendered":"<p><span>O presidente da Associa&ccedil;&atilde;o Mundial de R&aacute;dios Comunit&aacute;rias (Amarc), Antonio Diniz Lopes, disse que atualmente &eacute; imposs&iacute;vel pensar num sistema p&uacute;blico de comunica&ccedil;&atilde;o sem a participa&ccedil;&atilde;o das r&aacute;dios comunit&aacute;rias. <\/p>\n<p><\/span><span>&ldquo;150 r&aacute;dios p&uacute;blicas e comunit&aacute;rias v&atilde;o estar aqui presentes nestes dois dias para pensar na constru&ccedil;&atilde;o desse processo de forma&ccedil;&atilde;o de um sistema p&uacute;blico de comunica&ccedil;&atilde;o que vem sendo corajosamente incentivado pelo governo federal&rdquo; <\/p>\n<p><\/span><span>Apesar de reconhecer o apoio que o governo vem dando a discuss&atilde;o em torno de uma pol&iacute;tica de comunica&ccedil;&atilde;o p&uacute;blica, o presidente da Amarc cobrou a realiza&ccedil;&atilde;o da Confer&ecirc;ncia Nacional de Comunica&ccedil;&atilde;o o mais r&aacute;pido poss&iacute;vel. <\/p>\n<p><\/span><span>&ldquo;Todos n&oacute;s sabemos que &eacute; importante que seja realizada a Confer&ecirc;ncia Nacional de Comunica&ccedil;&atilde;o, que j&aacute; foi convocada em diversas &aacute;reas. Mas o governo at&eacute; agora n&atilde;o tomou essa iniciativa. H&aacute; uma necessidade de que essa confer&ecirc;ncia seja realizada e que o processo de digitaliza&ccedil;&atilde;o seja discutido, porque do jeito que est&aacute; sendo conduzido, amea&ccedil;a muitas r&aacute;dios p&uacute;blicas e comunit&aacute;rias. Ent&atilde;o, &eacute; preciso mais di&aacute;logo.&rdquo;<\/span><\/p>\n","protected":false},"excerpt":{"rendered":"<p>O presidente da Associa&ccedil;&atilde;o Mundial de R&aacute;dios Comunit&aacute;rias (Amarc), Antonio Diniz Lopes, disse que atualmente &eacute; imposs&iacute;vel pensar num sistema p&uacute;blico de comunica&ccedil;&atilde;o sem a participa&ccedil;&atilde;o das r&aacute;dios comunit&aacute;rias. &ldquo;150 r&aacute;dios p&uacute;blicas e comunit&aacute;rias v&atilde;o estar aqui presentes nestes dois dias para pensar na constru&ccedil;&atilde;o desse processo de forma&ccedil;&atilde;o de um sistema p&uacute;blico de comunica&ccedil;&atilde;o &hellip; <a href=\"https:\/\/obscom.intervozes.org.br\/?p=19842\" class=\"more-link\">Continue lendo <span class=\"screen-reader-text\">Amarc pede que governo convoque Confer\u00eancia Nacional de Comunica\u00e7\u00e3o<\/span> <span class=\"meta-nav\">&rarr;<\/span><\/a><\/p>\n","protected":false},"author":1,"featured_media":0,"comment_status":"open","ping_status":"open","sticky":false,"template":"","format":"standard","meta":{"footnotes":""},"categories":[40],"tags":[546],"_links":{"self":[{"href":"https:\/\/obscom.intervozes.org.br\/index.php?rest_route=\/wp\/v2\/posts\/19842"}],"collection":[{"href":"https:\/\/obscom.intervozes.org.br\/index.php?rest_route=\/wp\/v2\/posts"}],"about":[{"href":"https:\/\/obscom.intervozes.org.br\/index.php?rest_route=\/wp\/v2\/types\/post"}],"author":[{"embeddable":true,"href":"https:\/\/obscom.intervozes.org.br\/index.php?rest_route=\/wp\/v2\/users\/1"}],"replies":[{"embeddable":true,"href":"https:\/\/obscom.intervozes.org.br\/index.php?rest_route=%2Fwp%2Fv2%2Fcomments&post=19842"}],"version-history":[{"count":0,"href":"https:\/\/obscom.intervozes.org.br\/index.php?rest_route=\/wp\/v2\/posts\/19842\/revisions"}],"wp:attachment":[{"href":"https:\/\/obscom.intervozes.org.br\/index.php?rest_route=%2Fwp%2Fv2%2Fmedia&parent=19842"}],"wp:term":[{"taxonomy":"category","embeddable":true,"href":"https:\/\/obscom.intervozes.org.br\/index.php?rest_route=%2Fwp%2Fv2%2Fcategories&post=19842"},{"taxonomy":"post_tag","embeddable":true,"href":"https:\/\/obscom.intervozes.org.br\/index.php?rest_route=%2Fwp%2Fv2%2Ftags&post=19842"}],"curies":[{"name":"wp","href":"https:\/\/api.w.org\/{rel}","templated":true}]}}