{"id":19841,"date":"2007-11-22T12:32:10","date_gmt":"2007-11-22T12:32:10","guid":{"rendered":"https:\/\/obscom.intervozes.org.br\/wordpress\/?p=19841"},"modified":"2007-11-22T12:32:10","modified_gmt":"2007-11-22T12:32:10","slug":"videoconferencia-discute-preparativos-para-i-conferencia-nacional-de-comunicacao","status":"publish","type":"post","link":"https:\/\/obscom.intervozes.org.br\/?p=19841","title":{"rendered":"Videoconfer\u00eancia discute preparativos para I Confer\u00eancia Nacional de Comunica\u00e7\u00e3o"},"content":{"rendered":"<p>Nesta sexta-feira (23\/11), a partir das 10h, uma videoconfer&ecirc;ncia nacional discutir&aacute; os preparativos para a I Confer&ecirc;ncia Nacional de Comunica&ccedil;&atilde;o. O objetivo &eacute; informar e mobilizar organiza&ccedil;&otilde;es da sociedade e do poder p&uacute;blico para constituir coordena&ccedil;&otilde;es estaduais. A videoconfer&ecirc;ncia ser&aacute; transmitida pelo sistema Interlegis para todas as Assembl&eacute;ias Legislativas do pa&iacute;s.<\/p>\n<p>Os interessados em participar devem estabelecer contato com as Comiss&otilde;es de Direitos Humanos das assembl&eacute;ias legislativas de seus estados. A atividade s&oacute; n&atilde;o ser&aacute; realizada nos estados do Par&aacute; e Maranh&atilde;o, onde as respectivas assembl&eacute;ias legislativas informaram que est&atilde;o com os equipamentos quebrados.<\/p>\n","protected":false},"excerpt":{"rendered":"<p>Nesta sexta-feira (23\/11), a partir das 10h, uma videoconfer&ecirc;ncia nacional discutir&aacute; os preparativos para a I Confer&ecirc;ncia Nacional de Comunica&ccedil;&atilde;o. O objetivo &eacute; informar e mobilizar organiza&ccedil;&otilde;es da sociedade e do poder p&uacute;blico para constituir coordena&ccedil;&otilde;es estaduais. A videoconfer&ecirc;ncia ser&aacute; transmitida pelo sistema Interlegis para todas as Assembl&eacute;ias Legislativas do pa&iacute;s. Os interessados em participar &hellip; <a href=\"https:\/\/obscom.intervozes.org.br\/?p=19841\" class=\"more-link\">Continue lendo <span class=\"screen-reader-text\">Videoconfer\u00eancia discute preparativos para I Confer\u00eancia Nacional de Comunica\u00e7\u00e3o<\/span> <span class=\"meta-nav\">&rarr;<\/span><\/a><\/p>\n","protected":false},"author":1,"featured_media":0,"comment_status":"open","ping_status":"open","sticky":false,"template":"","format":"standard","meta":{"footnotes":""},"categories":[39],"tags":[],"_links":{"self":[{"href":"https:\/\/obscom.intervozes.org.br\/index.php?rest_route=\/wp\/v2\/posts\/19841"}],"collection":[{"href":"https:\/\/obscom.intervozes.org.br\/index.php?rest_route=\/wp\/v2\/posts"}],"about":[{"href":"https:\/\/obscom.intervozes.org.br\/index.php?rest_route=\/wp\/v2\/types\/post"}],"author":[{"embeddable":true,"href":"https:\/\/obscom.intervozes.org.br\/index.php?rest_route=\/wp\/v2\/users\/1"}],"replies":[{"embeddable":true,"href":"https:\/\/obscom.intervozes.org.br\/index.php?rest_route=%2Fwp%2Fv2%2Fcomments&post=19841"}],"version-history":[{"count":0,"href":"https:\/\/obscom.intervozes.org.br\/index.php?rest_route=\/wp\/v2\/posts\/19841\/revisions"}],"wp:attachment":[{"href":"https:\/\/obscom.intervozes.org.br\/index.php?rest_route=%2Fwp%2Fv2%2Fmedia&parent=19841"}],"wp:term":[{"taxonomy":"category","embeddable":true,"href":"https:\/\/obscom.intervozes.org.br\/index.php?rest_route=%2Fwp%2Fv2%2Fcategories&post=19841"},{"taxonomy":"post_tag","embeddable":true,"href":"https:\/\/obscom.intervozes.org.br\/index.php?rest_route=%2Fwp%2Fv2%2Ftags&post=19841"}],"curies":[{"name":"wp","href":"https:\/\/api.w.org\/{rel}","templated":true}]}}