{"id":19840,"date":"2007-11-22T12:28:40","date_gmt":"2007-11-22T12:28:40","guid":{"rendered":"https:\/\/obscom.intervozes.org.br\/wordpress\/?p=19840"},"modified":"2007-11-22T12:28:40","modified_gmt":"2007-11-22T12:28:40","slug":"minc-incentivara-producao-independente-para-o-radio-diz-secretario","status":"publish","type":"post","link":"https:\/\/obscom.intervozes.org.br\/?p=19840","title":{"rendered":"Minc incentivar\u00e1 produ\u00e7\u00e3o independente para o r\u00e1dio, diz secret\u00e1rio"},"content":{"rendered":"<p><span>Rio de Janeiro &#8211; O Minist&eacute;rio da Cultura vai incentivar a cria&ccedil;&atilde;o de conte&uacute;dos independentes para o r&aacute;dio, a partir do pr&oacute;ximo ano. A informa&ccedil;&atilde;o foi divulgada hoje (21) pelo secret&aacute;rio-executivo Juca Ferreira, na abertura do 1&ordm; F&oacute;rum Nacional de R&aacute;dios P&uacute;blicas.<\/p>\n<p><\/span><span>&ldquo;O minist&eacute;rio ter&aacute; uma pol&iacute;tica sistem&aacute;tica de relacionamento com as r&aacute;dios p&uacute;blicas e comunit&aacute;rias. O r&aacute;dio &eacute; um suporte estrat&eacute;gico para a cultura do Brasil&rdquo;, disse. Ferreira adiantou que em 2008 ser&atilde;o lan&ccedil;ados editais de concorr&ecirc;ncia espec&iacute;ficos para a produ&ccedil;&atilde;o de conte&uacute;dos radiof&ocirc;nicos, semelhantes aos do programa DocTV, que seleciona e ap&oacute;ia document&aacute;rios para a televis&atilde;o.<\/p>\n<p><\/span><span>O secret&aacute;rio-executivo do Minist&eacute;rio da Cultura tamb&eacute;m ressaltou que a digitaliza&ccedil;&atilde;o traz novas possibilidades de comunica&ccedil;&atilde;o, tanto para a televis&atilde;o quanto para o r&aacute;dio: &ldquo;Isso modifica todo o ambiente de produ&ccedil;&atilde;o cultural, que pode ter um fortalecimento enorme com as novas tecnologias&rdquo;. <\/p>\n<p><\/span><span>Segundo Juca Ferreira, o papel do minist&eacute;rio no processo &eacute; o de motivar a produ&ccedil;&atilde;o de conte&uacute;dos que ser&atilde;o veiculados pelas r&aacute;dios p&uacute;blicas e comunit&aacute;rias. &ldquo;Essas tecnologias abrem espa&ccedil;o para conte&uacute;dos e, se n&oacute;s n&atilde;o tivermos capacidade de produzir, importaremos &#39;enlatados&#39; de toda parte do mundo, pois a multiplica&ccedil;&atilde;o de canais &eacute; enorme&rdquo;, alertou.<\/p>\n<p><\/span><span>No encontro, o presidente da Associa&ccedil;&atilde;o das R&aacute;dios P&uacute;blicas do Brasil (Arpub), Orlando Guilhon, tamb&eacute;m defendeu o investimento em conte&uacute;do como uma necessidade do novo cen&aacute;rio que ser&aacute; criado a partir da converg&ecirc;ncia dos meios de comunica&ccedil;&atilde;o, com a fus&atilde;o de televis&atilde;o, r&aacute;dio e internet em um mesmo equipamento.<\/p>\n<p><\/span><span>&ldquo;O r&aacute;dio digital trar&aacute; a possibilidade de diversificar e segmentar as programa&ccedil;&otilde;es e o p&uacute;blico. E isso coloca sobre os nossos ombros uma responsabilidade muito grande, porque n&oacute;s vamos ter que ser capazes de produzir mais e melhor, em mais quantidade e melhor qualidade, at&eacute; para podermos ser competitivos com aquilo que as r&aacute;dios comerciais oferecem&rdquo;, disse Guilhon, que tamb&eacute;m &eacute; diretor geral da R&aacute;dio MEC.<\/p>\n<p><\/span><span>O presidente da Radiobr&aacute;s, Jos&eacute; Roberto Garcez, lembrou no encontro que o aumento da produ&ccedil;&atilde;o independente para o r&aacute;dio &eacute; uma tend&ecirc;ncia que se desenha para os pr&oacute;ximos anos. &ldquo;A tecnologia digital vem possibilitando, com custos menores, que mais &aacute;reas da sociedade possam produzir o seu conte&uacute;do. E o que cabe a n&oacute;s &eacute; abrir espa&ccedil;os para que outros produtores de conte&uacute;do tenham janelas para mostrar sua produ&ccedil;&atilde;o&rdquo;, disse.<\/p>\n<p><\/span><span>O 1&ordm; F&oacute;rum Nacional de R&aacute;dios P&uacute;blicas discute at&eacute; sexta-feira (23) os desafios das r&aacute;dios p&uacute;blicas diante das novas tend&ecirc;ncias tecnol&oacute;gicas. Ottoni Fernandes J&uacute;nior, representante da Secretaria de Comunica&ccedil;&atilde;o Social da Presid&ecirc;ncia da Rep&uacute;blica, que coordena o encontro, ressaltou que o objetivo &eacute; colher subs&iacute;dios a fim de definir uma pol&iacute;tica do governo federal para r&aacute;dios p&uacute;blicas. &ldquo;Vamos precisar construir uma institucionalidade nova para as r&aacute;dios comunit&aacute;rias e p&uacute;blicas. N&atilde;o &eacute; s&oacute; manter as r&aacute;dios que o governo j&aacute; tem, mas encontrar uma maneira de integrar esses esfor&ccedil;os em uma rede maior, com o objetivo de fornecer informa&ccedil;&atilde;o e educa&ccedil;&atilde;o de qualidade para a popula&ccedil;&atilde;o brasileira&rdquo;, disse o secret&aacute;rio-executivo.<\/p>\n<p><\/span><span>Participam do encontro representantes de r&aacute;dios p&uacute;blicas de outros pa&iacute;ses, como a inglesa BBC e a R&aacute;dio Fran&ccedil;a Internacional (RFI). A programa&ccedil;&atilde;o do encontro pode ser obtida no endere&ccedil;o eletr&ocirc;nico www.radiospublicas.org.br.<\/span><\/p>\n","protected":false},"excerpt":{"rendered":"<p>Rio de Janeiro &#8211; O Minist&eacute;rio da Cultura vai incentivar a cria&ccedil;&atilde;o de conte&uacute;dos independentes para o r&aacute;dio, a partir do pr&oacute;ximo ano. A informa&ccedil;&atilde;o foi divulgada hoje (21) pelo secret&aacute;rio-executivo Juca Ferreira, na abertura do 1&ordm; F&oacute;rum Nacional de R&aacute;dios P&uacute;blicas. &ldquo;O minist&eacute;rio ter&aacute; uma pol&iacute;tica sistem&aacute;tica de relacionamento com as r&aacute;dios p&uacute;blicas e &hellip; <a href=\"https:\/\/obscom.intervozes.org.br\/?p=19840\" class=\"more-link\">Continue lendo <span class=\"screen-reader-text\">Minc incentivar\u00e1 produ\u00e7\u00e3o independente para o r\u00e1dio, diz secret\u00e1rio<\/span> <span class=\"meta-nav\">&rarr;<\/span><\/a><\/p>\n","protected":false},"author":1,"featured_media":0,"comment_status":"open","ping_status":"open","sticky":false,"template":"","format":"standard","meta":{"footnotes":""},"categories":[40],"tags":[546],"_links":{"self":[{"href":"https:\/\/obscom.intervozes.org.br\/index.php?rest_route=\/wp\/v2\/posts\/19840"}],"collection":[{"href":"https:\/\/obscom.intervozes.org.br\/index.php?rest_route=\/wp\/v2\/posts"}],"about":[{"href":"https:\/\/obscom.intervozes.org.br\/index.php?rest_route=\/wp\/v2\/types\/post"}],"author":[{"embeddable":true,"href":"https:\/\/obscom.intervozes.org.br\/index.php?rest_route=\/wp\/v2\/users\/1"}],"replies":[{"embeddable":true,"href":"https:\/\/obscom.intervozes.org.br\/index.php?rest_route=%2Fwp%2Fv2%2Fcomments&post=19840"}],"version-history":[{"count":0,"href":"https:\/\/obscom.intervozes.org.br\/index.php?rest_route=\/wp\/v2\/posts\/19840\/revisions"}],"wp:attachment":[{"href":"https:\/\/obscom.intervozes.org.br\/index.php?rest_route=%2Fwp%2Fv2%2Fmedia&parent=19840"}],"wp:term":[{"taxonomy":"category","embeddable":true,"href":"https:\/\/obscom.intervozes.org.br\/index.php?rest_route=%2Fwp%2Fv2%2Fcategories&post=19840"},{"taxonomy":"post_tag","embeddable":true,"href":"https:\/\/obscom.intervozes.org.br\/index.php?rest_route=%2Fwp%2Fv2%2Ftags&post=19840"}],"curies":[{"name":"wp","href":"https:\/\/api.w.org\/{rel}","templated":true}]}}