{"id":19830,"date":"2007-11-21T16:03:56","date_gmt":"2007-11-21T16:03:56","guid":{"rendered":"https:\/\/obscom.intervozes.org.br\/wordpress\/?p=19830"},"modified":"2007-11-21T16:03:56","modified_gmt":"2007-11-21T16:03:56","slug":"radios-publicas-devem-oferecer-programacao-diferenciada","status":"publish","type":"post","link":"https:\/\/obscom.intervozes.org.br\/?p=19830","title":{"rendered":"R\u00e1dios p\u00fablicas devem oferecer programa\u00e7\u00e3o diferenciada"},"content":{"rendered":"<p><span>A programa&ccedil;&atilde;o oferecida por uma r&aacute;dio p&uacute;blica deve ser diferente da grade dos ve&iacute;culos privados. A avalia&ccedil;&atilde;o &eacute; do presidente da Associa&ccedil;&atilde;o de R&aacute;dios P&uacute;blicas do Brasil (Arpub), Orlando Guilhon. <\/p>\n<p><\/span><span>&ldquo;Se uma r&aacute;dio p&uacute;blica oferecer o mesmo que uma r&aacute;dio privada, ela teria que fechar. Elas t&ecirc;m que oferecer uma informa&ccedil;&atilde;o de qualidade mais aprofundada, oferecer a diversidade cultural do nosso povo, enfim tem que fazer aquilo que a &aacute;rea privada n&atilde;o ousa fazer&rdquo;, avaliou Guilhon que participa do 1&ordm; F&oacute;rum Nacional de R&aacute;dios P&uacute;blicas.<\/p>\n<p><\/span><span>Coordenado pela Secretaria de Comunica&ccedil;&atilde;o Social da Presid&ecirc;ncia da Rep&uacute;blica (Secom), o evento tem o intuito de compreender melhor os desafios das r&aacute;dios p&uacute;blicas brasileiras. A programa&ccedil;&atilde;o do f&oacute;rum teve in&iacute;cio hoje (21) e segue at&eacute; a pr&oacute;xima sexta-feira (23), no Rio de Janeiro.<\/p>\n<p><\/span><span>Para Guilhon, o momento &eacute; extremamente prop&iacute;cio para o debate j&aacute; que o tema est&aacute; na agenda pol&iacute;tica do pa&iacute;s. &ldquo;A quest&atilde;o da migra&ccedil;&atilde;o do sistema anal&oacute;gico para o sistema digital, tanto para as r&aacute;dios como para as televis&otilde;es, e a cria&ccedil;&atilde;o da nova Empresa Brasil de Comunica&ccedil;&atilde;o (EBC) mostram que o governo est&aacute; fazendo a parte deles.&rdquo;<\/p>\n<p><\/span><span>O f&oacute;rum tamb&eacute;m vai contar com a participa&ccedil;&atilde;o de r&aacute;dios p&uacute;blicas de outros pa&iacute;ses, como a BBC, da Inglaterra, e a R&aacute;dio Fran&ccedil;a Internacional (RFI). Segundo Guilhon, a troca de experi&ecirc;ncias &eacute; importante porque pode ajudar o Brasil a elaborar novas pol&iacute;ticas e a ampliar a atua&ccedil;&atilde;o das r&aacute;dios.<\/p>\n<p><\/span><span>O evento ainda vai discutir formas de manter a programa&ccedil;&atilde;o das r&aacute;dios p&uacute;blicas de maneira diversificada e diferenciada. Segundo o presidente da Arpub, existem r&aacute;dios p&uacute;blicas em todo o territ&oacute;rio brasileiro. A meta &eacute; fazer com que a comunica&ccedil;&atilde;o p&uacute;blica se torne mais competitiva e mais independente. &ldquo;Ela [a comunica&ccedil;&atilde;o p&uacute;blica] precisa ter mais inser&ccedil;&atilde;o, mais gest&atilde;o p&uacute;blica, mais democracia e portanto mais transpar&ecirc;ncia e controle p&uacute;blico.&rdquo; <\/span><\/p>\n","protected":false},"excerpt":{"rendered":"<p>A programa&ccedil;&atilde;o oferecida por uma r&aacute;dio p&uacute;blica deve ser diferente da grade dos ve&iacute;culos privados. A avalia&ccedil;&atilde;o &eacute; do presidente da Associa&ccedil;&atilde;o de R&aacute;dios P&uacute;blicas do Brasil (Arpub), Orlando Guilhon. &ldquo;Se uma r&aacute;dio p&uacute;blica oferecer o mesmo que uma r&aacute;dio privada, ela teria que fechar. Elas t&ecirc;m que oferecer uma informa&ccedil;&atilde;o de qualidade mais aprofundada, &hellip; <a href=\"https:\/\/obscom.intervozes.org.br\/?p=19830\" class=\"more-link\">Continue lendo <span class=\"screen-reader-text\">R\u00e1dios p\u00fablicas devem oferecer programa\u00e7\u00e3o diferenciada<\/span> <span class=\"meta-nav\">&rarr;<\/span><\/a><\/p>\n","protected":false},"author":1,"featured_media":0,"comment_status":"open","ping_status":"open","sticky":false,"template":"","format":"standard","meta":{"footnotes":""},"categories":[40],"tags":[546],"_links":{"self":[{"href":"https:\/\/obscom.intervozes.org.br\/index.php?rest_route=\/wp\/v2\/posts\/19830"}],"collection":[{"href":"https:\/\/obscom.intervozes.org.br\/index.php?rest_route=\/wp\/v2\/posts"}],"about":[{"href":"https:\/\/obscom.intervozes.org.br\/index.php?rest_route=\/wp\/v2\/types\/post"}],"author":[{"embeddable":true,"href":"https:\/\/obscom.intervozes.org.br\/index.php?rest_route=\/wp\/v2\/users\/1"}],"replies":[{"embeddable":true,"href":"https:\/\/obscom.intervozes.org.br\/index.php?rest_route=%2Fwp%2Fv2%2Fcomments&post=19830"}],"version-history":[{"count":0,"href":"https:\/\/obscom.intervozes.org.br\/index.php?rest_route=\/wp\/v2\/posts\/19830\/revisions"}],"wp:attachment":[{"href":"https:\/\/obscom.intervozes.org.br\/index.php?rest_route=%2Fwp%2Fv2%2Fmedia&parent=19830"}],"wp:term":[{"taxonomy":"category","embeddable":true,"href":"https:\/\/obscom.intervozes.org.br\/index.php?rest_route=%2Fwp%2Fv2%2Fcategories&post=19830"},{"taxonomy":"post_tag","embeddable":true,"href":"https:\/\/obscom.intervozes.org.br\/index.php?rest_route=%2Fwp%2Fv2%2Ftags&post=19830"}],"curies":[{"name":"wp","href":"https:\/\/api.w.org\/{rel}","templated":true}]}}