{"id":19827,"date":"2007-11-21T15:27:32","date_gmt":"2007-11-21T15:27:32","guid":{"rendered":"https:\/\/obscom.intervozes.org.br\/wordpress\/?p=19827"},"modified":"2007-11-21T15:27:32","modified_gmt":"2007-11-21T15:27:32","slug":"rio-de-janeiro-sedia-forum-nacional-de-radios-publicas","status":"publish","type":"post","link":"https:\/\/obscom.intervozes.org.br\/?p=19827","title":{"rendered":"Rio de Janeiro sedia F\u00f3rum Nacional de R\u00e1dios P\u00fablicas"},"content":{"rendered":"<p><span>Os ministros Franklin Martins, da Secretaria de Comunica&ccedil;&atilde;o Social (Secom), Franklin Martins, e Gilberto Gil, da Cultura, abrem hoje (21) o 1&ordm; F&oacute;rum Nacional de R&aacute;dios P&uacute;blicas. O encontro vai at&eacute; sexta-feira (23) no Rio&#39;s Presidente Hotel, no centro do Rio. <\/p>\n<p><\/span><span>O F&oacute;rum reunir&aacute; cerca de 300 pessoas entre gestores e profissionais de r&aacute;dios p&uacute;blicas, comunit&aacute;rias e legislativas, acad&ecirc;micos e especialistas no tema, al&eacute;m de representantes de entidades da &aacute;rea de comunica&ccedil;&atilde;o social, do governo federal e das principais r&aacute;dios p&uacute;blicas internacionais.<font size=\"3\"><\/font><\/span><\/p>\n","protected":false},"excerpt":{"rendered":"<p>Os ministros Franklin Martins, da Secretaria de Comunica&ccedil;&atilde;o Social (Secom), Franklin Martins, e Gilberto Gil, da Cultura, abrem hoje (21) o 1&ordm; F&oacute;rum Nacional de R&aacute;dios P&uacute;blicas. O encontro vai at&eacute; sexta-feira (23) no Rio&#39;s Presidente Hotel, no centro do Rio. O F&oacute;rum reunir&aacute; cerca de 300 pessoas entre gestores e profissionais de r&aacute;dios p&uacute;blicas, &hellip; <a href=\"https:\/\/obscom.intervozes.org.br\/?p=19827\" class=\"more-link\">Continue lendo <span class=\"screen-reader-text\">Rio de Janeiro sedia F\u00f3rum Nacional de R\u00e1dios P\u00fablicas<\/span> <span class=\"meta-nav\">&rarr;<\/span><\/a><\/p>\n","protected":false},"author":1,"featured_media":0,"comment_status":"open","ping_status":"open","sticky":false,"template":"","format":"standard","meta":{"footnotes":""},"categories":[39],"tags":[],"_links":{"self":[{"href":"https:\/\/obscom.intervozes.org.br\/index.php?rest_route=\/wp\/v2\/posts\/19827"}],"collection":[{"href":"https:\/\/obscom.intervozes.org.br\/index.php?rest_route=\/wp\/v2\/posts"}],"about":[{"href":"https:\/\/obscom.intervozes.org.br\/index.php?rest_route=\/wp\/v2\/types\/post"}],"author":[{"embeddable":true,"href":"https:\/\/obscom.intervozes.org.br\/index.php?rest_route=\/wp\/v2\/users\/1"}],"replies":[{"embeddable":true,"href":"https:\/\/obscom.intervozes.org.br\/index.php?rest_route=%2Fwp%2Fv2%2Fcomments&post=19827"}],"version-history":[{"count":0,"href":"https:\/\/obscom.intervozes.org.br\/index.php?rest_route=\/wp\/v2\/posts\/19827\/revisions"}],"wp:attachment":[{"href":"https:\/\/obscom.intervozes.org.br\/index.php?rest_route=%2Fwp%2Fv2%2Fmedia&parent=19827"}],"wp:term":[{"taxonomy":"category","embeddable":true,"href":"https:\/\/obscom.intervozes.org.br\/index.php?rest_route=%2Fwp%2Fv2%2Fcategories&post=19827"},{"taxonomy":"post_tag","embeddable":true,"href":"https:\/\/obscom.intervozes.org.br\/index.php?rest_route=%2Fwp%2Fv2%2Ftags&post=19827"}],"curies":[{"name":"wp","href":"https:\/\/api.w.org\/{rel}","templated":true}]}}