{"id":19820,"date":"2007-11-21T11:38:07","date_gmt":"2007-11-21T11:38:07","guid":{"rendered":"https:\/\/obscom.intervozes.org.br\/wordpress\/?p=19820"},"modified":"2007-11-21T11:38:07","modified_gmt":"2007-11-21T11:38:07","slug":"operadoras-moveis-negociam-com-anatel-implementacao-dos-novos-direitos-dos-usuarios","status":"publish","type":"post","link":"https:\/\/obscom.intervozes.org.br\/?p=19820","title":{"rendered":"Operadoras m\u00f3veis negociam com Anatel implementa\u00e7\u00e3o dos novos direitos dos usu\u00e1rios"},"content":{"rendered":"<p>A Acel, entidade que representa as operadoras de telefonia m&oacute;vel, negocia com a Anatel a implementa&ccedil;&atilde;o implementa&ccedil;&atilde;o dos novos direitos dos usu&aacute;rios, que passar&atilde;o a valer a partir de fevereiro do pr&oacute;ximo ano. Segundo o informe da entidade, algumas das regras previstas na nova regulamenta&ccedil;&atilde;o s&atilde;o de dif&iacute;cil ado&ccedil;&atilde;o em curto espa&ccedil;o de tempo, ou porque n&atilde;o existe ainda no mercado brasileiro a tecnologia, ou porque os seus custos tornam invi&aacute;veis a opera&ccedil;&atilde;o.<\/p>\n<p>Entre os itens apontados pelas empresas como de dif&iacute;cil execu&ccedil;&atilde;o est&aacute; a intermedia&ccedil;&atilde;o de chamada para portadores de defici&ecirc;ncia auditiva, por n&atilde;o existirem ainda no mercado aparelhos que possibilitem que essa comunica&ccedil;&atilde;o seja feita em tempo real. Outra mudan&ccedil;a pr&oacute;-usu&aacute;rio que est&aacute; sendo questionada pela entidade trata-se do envio aos clientes pr&eacute;-pagos das faturas das chamadas realizadas. Conforme a Acel, os custos da impress&atilde;o e remessa da fatura s&atilde;o maiores do que o valor da chamada constante nas contas. Outros nove itens continuam a ser discutidos.<\/p>\n","protected":false},"excerpt":{"rendered":"<p>A Acel, entidade que representa as operadoras de telefonia m&oacute;vel, negocia com a Anatel a implementa&ccedil;&atilde;o implementa&ccedil;&atilde;o dos novos direitos dos usu&aacute;rios, que passar&atilde;o a valer a partir de fevereiro do pr&oacute;ximo ano. Segundo o informe da entidade, algumas das regras previstas na nova regulamenta&ccedil;&atilde;o s&atilde;o de dif&iacute;cil ado&ccedil;&atilde;o em curto espa&ccedil;o de tempo, ou &hellip; <a href=\"https:\/\/obscom.intervozes.org.br\/?p=19820\" class=\"more-link\">Continue lendo <span class=\"screen-reader-text\">Operadoras m\u00f3veis negociam com Anatel implementa\u00e7\u00e3o dos novos direitos dos usu\u00e1rios<\/span> <span class=\"meta-nav\">&rarr;<\/span><\/a><\/p>\n","protected":false},"author":1,"featured_media":0,"comment_status":"open","ping_status":"open","sticky":false,"template":"","format":"standard","meta":{"footnotes":""},"categories":[39],"tags":[],"_links":{"self":[{"href":"https:\/\/obscom.intervozes.org.br\/index.php?rest_route=\/wp\/v2\/posts\/19820"}],"collection":[{"href":"https:\/\/obscom.intervozes.org.br\/index.php?rest_route=\/wp\/v2\/posts"}],"about":[{"href":"https:\/\/obscom.intervozes.org.br\/index.php?rest_route=\/wp\/v2\/types\/post"}],"author":[{"embeddable":true,"href":"https:\/\/obscom.intervozes.org.br\/index.php?rest_route=\/wp\/v2\/users\/1"}],"replies":[{"embeddable":true,"href":"https:\/\/obscom.intervozes.org.br\/index.php?rest_route=%2Fwp%2Fv2%2Fcomments&post=19820"}],"version-history":[{"count":0,"href":"https:\/\/obscom.intervozes.org.br\/index.php?rest_route=\/wp\/v2\/posts\/19820\/revisions"}],"wp:attachment":[{"href":"https:\/\/obscom.intervozes.org.br\/index.php?rest_route=%2Fwp%2Fv2%2Fmedia&parent=19820"}],"wp:term":[{"taxonomy":"category","embeddable":true,"href":"https:\/\/obscom.intervozes.org.br\/index.php?rest_route=%2Fwp%2Fv2%2Fcategories&post=19820"},{"taxonomy":"post_tag","embeddable":true,"href":"https:\/\/obscom.intervozes.org.br\/index.php?rest_route=%2Fwp%2Fv2%2Ftags&post=19820"}],"curies":[{"name":"wp","href":"https:\/\/api.w.org\/{rel}","templated":true}]}}