{"id":19818,"date":"2007-11-21T11:09:06","date_gmt":"2007-11-21T11:09:06","guid":{"rendered":"https:\/\/obscom.intervozes.org.br\/wordpress\/?p=19818"},"modified":"2007-11-21T11:09:06","modified_gmt":"2007-11-21T11:09:06","slug":"dia-da-consciencia-negra-denuncia-racismo-na-midia","status":"publish","type":"post","link":"https:\/\/obscom.intervozes.org.br\/?p=19818","title":{"rendered":"Dia da Consci\u00eancia Negra denuncia racismo na m\u00eddia"},"content":{"rendered":"<p>Nesta ter&ccedil;a-feira (20) foram realizadas&nbsp;em quase todas as grandes cidades do pa&iacute;s manifesta&ccedil;&otilde;es vinculadas ao Dia da Consci&ecirc;ncia Negra, data que marca a luta e resist&ecirc;ncia da popula&ccedil;&atilde;o negra no Brasil. Na ocasi&atilde;o, membros de diversos movimentos lembraram o papel da m&iacute;dia no reconhecimento da cultura e das lutas dos negros no pa&iacute;s. <\/p>\n<p>Segundo o IBGE, aproximadamente metade da popula&ccedil;&atilde;o brasileira &eacute; negra, mas a invisibilidade da popula&ccedil;&atilde;o afrodescendente ainda &eacute; a regra nos meios de comunica&ccedil;&atilde;o. Por isso, l&iacute;deres do movimento reivindicam o fim da dissemina&ccedil;&atilde;o do racismo na m&iacute;dia e o acesso dos negros e negras &agrave; produ&ccedil;&atilde;o e difus&atilde;o de informa&ccedil;&atilde;o. <\/p>\n<p>&ldquo;A m&iacute;dia ainda trata o negro no sistema escravocrata&rdquo;, avalia Mari&acirc;ngela Fras&atilde;o, do F&oacute;rum de Mulheres Negras do Estado de S&atilde;o Paulo. &ldquo;O negro permenece sendo associado a uma imagem de subservi&ecirc;ncia, a uma imagem do negro com uma atitude menor, do negro que n&atilde;o pensa, do negro que n&atilde;o tem ideologia&rdquo;. <\/p>\n<p>Mara Cardoso de Lima, do movimento Hip Hop, identifica nos &uacute;ltimos anos uma tentativa de inser&ccedil;&atilde;o dos negros na m&iacute;dia, principalmente nos meios televisivos, mas afirma que &ldquo;os personagens negros cumprem um papel de mostrar que &eacute; poss&iacute;vel vencer na vida, ainda que a imensa maioria continue na mis&eacute;ria e com condi&ccedil;&otilde;es de trabalho prec&aacute;rias&rdquo;. <\/p>\n<p>&ldquo;Os grandes jornais n&atilde;o tem mostrado de forma democr&aacute;tica os problemas e a luta do povo negro no Brasil&rdquo;, aponta Juli&atilde;o Vieira, da Uni&atilde;o de Negros pela Igualdade (Unegro). Ele cita, por exemplo, a aus&ecirc;ncia de mat&eacute;rias que retratem as dificuldades da juventude negra, a grande v&iacute;tima de assassinatos. Vieira tamb&eacute;m aponta outra face da exclus&atilde;o: &ldquo;o movimento tem profissionais formados que poderiam pautar estas quest&otilde;es, mas estes n&atilde;o conseguem ingressar na grande imprensa&rdquo;. Pesquisas recentes confirmam: nas televis&otilde;es, apenas 5,5% de apresentadores e profissionais que aparecem no v&iacute;deo s&atilde;o negros. <\/p>\n<p>&Eacute;ber Fagundes, coordenador da sede nacional do Educafro, compreende como central a aus&ecirc;ncia de negros e negras como protagonistas na cultura e na produ&ccedil;&atilde;o jornal&iacute;stica. Segundo ele, a posi&ccedil;&atilde;o do movimento &eacute; de que para se avan&ccedil;ar na representa&ccedil;&atilde;o do negro na m&iacute;dia &eacute; necess&aacute;ria a aprova&ccedil;&atilde;o do Estatuto da Igualdade Racial, reivindica&ccedil;&atilde;o hist&oacute;rica do movimento negro e uma das principais pautas da 4&ordf; Marcha da Consci&ecirc;ncia Negra que ocorreu neste dia 20 de novembro em diversas cidades brasileiras. &ldquo;Com a aprova&ccedil;&atilde;o do Estatuto, n&oacute;s teremos um percentual representativo de negros no mercado de trabalho e, conseq&uuml;entemente, aumentaremos sua representa&ccedil;&atilde;o na m&iacute;dia&rdquo;. <\/p>\n<p><strong>Por uma m&iacute;dia negra<\/strong> <\/p>\n<p>Al&eacute;m da representa&ccedil;&atilde;o nos meios de comunica&ccedil;&atilde;o j&aacute; estabelecidos, os movimentos identificam cada vez mais a necessidade de se inserirem na luta pela democratiza&ccedil;&atilde;o da comunica&ccedil;&atilde;o. Segundo Vieira, no &uacute;ltimo Congresso da Unegro o tema foi discutido com mais de cinco mil militantes. A partir de agora, o movimento pretende se aliar aos demais movimentos sociais para acompanhar e participar de forma ativa da Confer&ecirc;ncia Nacional de Comunica&ccedil;&otilde;es, de modo a torn&aacute;-la mais democr&aacute;tica.<\/p>\n<p>Mari&acirc;ngela, que tamb&eacute;m faz parte da Coordena&ccedil;&atilde;o Nacional de Entidades Negras, destaca ainda outras iniciativas, como a elabora&ccedil;&atilde;o de den&uacute;ncias e documentos sobre viola&ccedil;&otilde;es dos direitos dos negros. &ldquo;A m&iacute;dia tem uma ideologia branca e &eacute; atrav&eacute;s da luta que n&oacute;s vamos vencer essa postura&rdquo;. <\/p>\n<p>Mara concorda e aponta que n&atilde;o h&aacute; interesse das emissoras de televis&atilde;o em retratar o negro de forma a garantir sua liberta&ccedil;&atilde;o, j&aacute; que a maioria das concess&otilde;es &eacute; detida por brancos ricos. &ldquo;Eles podem colocar algumas representa&ccedil;&otilde;es negras, mas isso &eacute; o m&aacute;ximo que ir&atilde;o conceder&rdquo;. Ela defende a distribui&ccedil;&atilde;o democr&aacute;tica de concess&otilde;es de r&aacute;dio e televis&atilde;o para que o movimento negro possa tamb&eacute;m ter acesso aos meios de comunica&ccedil;&atilde;o e expressar suas lutas hist&oacute;ricas e seus pontos de vista.<\/p>\n","protected":false},"excerpt":{"rendered":"<p>Marchas em diversas cidades lembram do papel da m\u00eddia na perpetua\u00e7\u00e3o do racismo e no reconhecimento da cultura negra no pa\u00eds. Confer\u00eancia Nacional de Comunica\u00e7\u00e3o est\u00e1 entre as reivindica\u00e7\u00f5es do movimento. <\/p>\n","protected":false},"author":1,"featured_media":0,"comment_status":"open","ping_status":"open","sticky":false,"template":"","format":"standard","meta":{"footnotes":""},"categories":[40],"tags":[291],"_links":{"self":[{"href":"https:\/\/obscom.intervozes.org.br\/index.php?rest_route=\/wp\/v2\/posts\/19818"}],"collection":[{"href":"https:\/\/obscom.intervozes.org.br\/index.php?rest_route=\/wp\/v2\/posts"}],"about":[{"href":"https:\/\/obscom.intervozes.org.br\/index.php?rest_route=\/wp\/v2\/types\/post"}],"author":[{"embeddable":true,"href":"https:\/\/obscom.intervozes.org.br\/index.php?rest_route=\/wp\/v2\/users\/1"}],"replies":[{"embeddable":true,"href":"https:\/\/obscom.intervozes.org.br\/index.php?rest_route=%2Fwp%2Fv2%2Fcomments&post=19818"}],"version-history":[{"count":0,"href":"https:\/\/obscom.intervozes.org.br\/index.php?rest_route=\/wp\/v2\/posts\/19818\/revisions"}],"wp:attachment":[{"href":"https:\/\/obscom.intervozes.org.br\/index.php?rest_route=%2Fwp%2Fv2%2Fmedia&parent=19818"}],"wp:term":[{"taxonomy":"category","embeddable":true,"href":"https:\/\/obscom.intervozes.org.br\/index.php?rest_route=%2Fwp%2Fv2%2Fcategories&post=19818"},{"taxonomy":"post_tag","embeddable":true,"href":"https:\/\/obscom.intervozes.org.br\/index.php?rest_route=%2Fwp%2Fv2%2Ftags&post=19818"}],"curies":[{"name":"wp","href":"https:\/\/api.w.org\/{rel}","templated":true}]}}