{"id":19816,"date":"2007-11-21T10:26:07","date_gmt":"2007-11-21T10:26:07","guid":{"rendered":"https:\/\/obscom.intervozes.org.br\/wordpress\/?p=19816"},"modified":"2007-11-21T10:26:07","modified_gmt":"2007-11-21T10:26:07","slug":"videoconferencia-discute-conferencia-nacional-de-comunicacao","status":"publish","type":"post","link":"https:\/\/obscom.intervozes.org.br\/?p=19816","title":{"rendered":"Videoconfer\u00eancia discute Confer\u00eancia Nacional de Comunica\u00e7\u00e3o"},"content":{"rendered":"<p>Nesta sexta-feira (23\/11), a partir das 10h, uma videoconfer&ecirc;ncia nacional discutir&aacute; os preparativos para a I Confer&ecirc;ncia Nacional de Comunica&ccedil;&atilde;o. O objetivo &eacute; informar e mobilizar organiza&ccedil;&otilde;es da sociedade e do poder p&uacute;blico para constituir coordena&ccedil;&otilde;es estaduais. A videoconfer&ecirc;ncia ser&aacute; transmitida pelo sistema Interlegis para todas as Assembl&eacute;ias Legislativas do pa&iacute;s.<\/p>\n<p>Na videoconfer&ecirc;ncia, a coordena&ccedil;&atilde;o do movimento pr&oacute;-Confer&ecirc;ncia de Comunica&ccedil;&atilde;o apresentar&aacute; uma proposta com etapas municipal e estadual, at&eacute; culminar na etapa nacional, em meados de 2008. Logo ap&oacute;s os presentes em todas as salas das Assembl&eacute;ias Legislativas poder&atilde;o intervir com considera&ccedil;&otilde;es e propostas.<\/p>\n<p>Os interessados em participar devem estabelecer contato com as Comiss&otilde;es de Direitos Humanos das assembl&eacute;ias legislativas de seus estados. A atividade s&oacute; n&atilde;o ser&aacute; realizada nos estados do Par&aacute; e Maranh&atilde;o, onde as respectivas assembl&eacute;ias legislativas informaram que est&atilde;o com os equipamentos quebrados.<\/p>\n<p><strong>Ampliar a mobiliza&ccedil;&atilde;o<\/p>\n<p><\/strong>Desenvolvido por entidades da sociedade civil (ver composi&ccedil;&atilde;o da Comiss&atilde;o Nacional de Mobiliza&ccedil;&atilde;o a seguir), o movimento pela I Confer&ecirc;ncia Nacional de Comunica&ccedil;&atilde;o j&aacute; tem pronunciamentos favor&aacute;veis do ministro das Comunica&ccedil;&otilde;es, H&eacute;lio Costa, do ministro Franklin Martins, da Secretaria de Comunica&ccedil;&atilde;o Social, e do ministro Luiz Dulci, da Secretaria-Geral da Presid&ecirc;ncia da Rep&uacute;blica. Tamb&eacute;m conta com expressivo apoio parlamentar no Congresso Nacional, particularmente das Comiss&otilde;es de Direitos Humanos e Minorias e a de Ci&ecirc;ncia e Tecnologia, Comunica&ccedil;&atilde;o e Inform&aacute;tica, da C&acirc;mara dos Deputados, j&aacute; aprovaram em plen&aacute;rio suas participa&ccedil;&otilde;es no processo.<\/p>\n<p>Para os coordenadores do movimento, &eacute; preciso, agora, fortalecer a constitui&ccedil;&atilde;o de comit&ecirc;s estaduais pela Confer&ecirc;ncia Nacional de Comunica&ccedil;&atilde;o. &ldquo;Nada vem de m&atilde;o beijada, sem um forte movimento nos estados e munic&iacute;pios esta possibilidade de avan&ccedil;ar no debate sobre pol&iacute;ticas p&uacute;blicas e novo marco legal para as comunica&ccedil;&otilde;es pode n&atilde;o acontecer, ou pior, ser hegemonizada pelos inimigos da democratiza&ccedil;&atilde;o da comunica&ccedil;&atilde;o&rdquo;, considera o presidente da FENAJ, S&eacute;rgio Murillo de Andrade. Por isso, completa Murillo, al&eacute;m da FENAJ que estar&aacute; presente na videoconfer&ecirc;ncia em Bras&iacute;lia, os Sindicatos de Jornalistas est&atilde;o &ldquo;intimados&rdquo; a comparecerem no evento nas assembl&eacute;ias legislativas de seus estados.<\/p>\n<p><strong>Composi&ccedil;&atilde;o da Comiss&atilde;o de Mobiliza&ccedil;&atilde;o pela I Confer&ecirc;ncia Nacional de Comunica&ccedil;&otilde;es<br \/><\/strong>1) OAB &ndash; Ordem dos Advogados do Brasil<br \/>2) FNDC &ndash; F&oacute;rum Nacional pela Democratiza&ccedil;&atilde;o da Comunica&ccedil;&atilde;o<br \/>3) FENAJ &ndash; Federa&ccedil;&atilde;o Nacional dos Jornalistas<br \/>4) CUT &ndash; Central &Uacute;nica dos Trabalhadores<br \/>5) CFP &ndash; Conselho Federal de Psicologia<br \/>6) ABCCOM &ndash; Associa&ccedil;&atilde;o Brasileira de Canais Comunit&aacute;rios<br \/>7) CDHM &ndash; Comiss&atilde;o de Direitos Humanos e Minorias<br \/>8) Subcomiss&atilde;o de TV e Radiodifus&atilde;o da Comiss&atilde;o de Ci&ecirc;ncia, Tecnologia, Comunica&ccedil;&atilde;o e Inform&aacute;tica <br \/>9) INTERVOZES &ndash; Coletivo Brasil de Comunica&ccedil;&atilde;o Social<br \/>10) FITERT &ndash; Federa&ccedil;&atilde;o Interestadual dos Trabalhadores em Empresas de R&aacute;dio e Televis&atilde;o<br \/>11) LAPCOM-UnB &ndash; Laborat&oacute;rio de Pesquisa em Comunica&ccedil;&atilde;o &ndash; UnB<br \/>12) ABRA&Ccedil;O &ndash; Associa&ccedil;&atilde;o Brasileira de Radiodifus&atilde;o Comunit&aacute;ria<br \/>13) Procuradoria Federal dos Direitos do Cidad&atilde;o &#8211; Minist&eacute;rio P&uacute;blico Federal<br \/>14) AMARC-Brasil &ndash; Associa&ccedil;&atilde;o Mundial das R&aacute;dios Comunit&aacute;rias<br \/>15) ENECOS &ndash; Executiva Nacional dos Estudantes de Comunica&ccedil;&atilde;o Social<br \/>16) MST &ndash; Movimento dos Trabalhadores Rurais Sem Terra<br \/>17) ARPUB &ndash; Associa&ccedil;&atilde;o das R&aacute;dios P&uacute;blicas do Brasil<br \/>18) Campanha quem financia a baixaria &eacute; contra a cidadania<br \/>19) MNDH &ndash; Movimento Nacional de Direitos Humanos <\/p>\n","protected":false},"excerpt":{"rendered":"<p>Nesta sexta-feira (23\/11), a partir das 10h, uma videoconfer&ecirc;ncia nacional discutir&aacute; os preparativos para a I Confer&ecirc;ncia Nacional de Comunica&ccedil;&atilde;o. O objetivo &eacute; informar e mobilizar organiza&ccedil;&otilde;es da sociedade e do poder p&uacute;blico para constituir coordena&ccedil;&otilde;es estaduais. A videoconfer&ecirc;ncia ser&aacute; transmitida pelo sistema Interlegis para todas as Assembl&eacute;ias Legislativas do pa&iacute;s. Na videoconfer&ecirc;ncia, a coordena&ccedil;&atilde;o &hellip; <a href=\"https:\/\/obscom.intervozes.org.br\/?p=19816\" class=\"more-link\">Continue lendo <span class=\"screen-reader-text\">Videoconfer\u00eancia discute Confer\u00eancia Nacional de Comunica\u00e7\u00e3o<\/span> <span class=\"meta-nav\">&rarr;<\/span><\/a><\/p>\n","protected":false},"author":1,"featured_media":0,"comment_status":"open","ping_status":"open","sticky":false,"template":"","format":"standard","meta":{"footnotes":""},"categories":[40],"tags":[541],"_links":{"self":[{"href":"https:\/\/obscom.intervozes.org.br\/index.php?rest_route=\/wp\/v2\/posts\/19816"}],"collection":[{"href":"https:\/\/obscom.intervozes.org.br\/index.php?rest_route=\/wp\/v2\/posts"}],"about":[{"href":"https:\/\/obscom.intervozes.org.br\/index.php?rest_route=\/wp\/v2\/types\/post"}],"author":[{"embeddable":true,"href":"https:\/\/obscom.intervozes.org.br\/index.php?rest_route=\/wp\/v2\/users\/1"}],"replies":[{"embeddable":true,"href":"https:\/\/obscom.intervozes.org.br\/index.php?rest_route=%2Fwp%2Fv2%2Fcomments&post=19816"}],"version-history":[{"count":0,"href":"https:\/\/obscom.intervozes.org.br\/index.php?rest_route=\/wp\/v2\/posts\/19816\/revisions"}],"wp:attachment":[{"href":"https:\/\/obscom.intervozes.org.br\/index.php?rest_route=%2Fwp%2Fv2%2Fmedia&parent=19816"}],"wp:term":[{"taxonomy":"category","embeddable":true,"href":"https:\/\/obscom.intervozes.org.br\/index.php?rest_route=%2Fwp%2Fv2%2Fcategories&post=19816"},{"taxonomy":"post_tag","embeddable":true,"href":"https:\/\/obscom.intervozes.org.br\/index.php?rest_route=%2Fwp%2Fv2%2Ftags&post=19816"}],"curies":[{"name":"wp","href":"https:\/\/api.w.org\/{rel}","templated":true}]}}