{"id":19815,"date":"2007-11-19T17:57:42","date_gmt":"2007-11-19T17:57:42","guid":{"rendered":"https:\/\/obscom.intervozes.org.br\/wordpress\/?p=19815"},"modified":"2007-11-19T17:57:42","modified_gmt":"2007-11-19T17:57:42","slug":"cpi-das-teles-tera-uma-solucao-final-nesta-quarta-feira","status":"publish","type":"post","link":"https:\/\/obscom.intervozes.org.br\/?p=19815","title":{"rendered":"CPI das teles ter\u00e1 uma solu\u00e7\u00e3o final nesta quarta-feira"},"content":{"rendered":"<p>Se <span>depender do deputado Neucimar Fraga (PR\/ES), a CPI das telecomunica&ccedil;&otilde;es ser&aacute; desarquivada. O parlamentar &eacute; o relator do recurso n&ordm; 65, que pede o desarquivamento da comiss&atilde;o e, na pr&oacute;xima quarta-feira, dia 21, o recurso ser&aacute; apreciado pelos membros da Comiss&atilde;o de Constitui&ccedil;&atilde;o e Justi&ccedil;a (CCJ) da C&acirc;mara. <\/span><span>&nbsp;<\/p>\n<p><\/span><span>Fraga &eacute; favor&aacute;vel pela cria&ccedil;&atilde;o da CPI e no seu parecer ele concorda com os argumentos do seu colega de partido e autor do requerimento e tamb&eacute;m da CPI, deputado Wellington Fagundes (PR-MT). Fagundes entrou com recurso contra decis&atilde;o da presid&ecirc;ncia da C&acirc;mara, que arquivou em junho deste ano o pedido de institui&ccedil;&atilde;o de Comiss&atilde;o Parlamentar de Inqu&eacute;rito, alegando quest&atilde;o regimental. A CPI iria investigar todos os contratos firmados entre a Anatel e as empresas outorgat&aacute;rias dos servi&ccedil;os p&uacute;blicos na &aacute;rea de telefonia m&oacute;vel e fixa, no per&iacute;odo de 1997 a 2007.&nbsp; <\/span><span>&nbsp;<\/p>\n<p><\/span><span>Segundo a secretaria geral da Mesa da C&acirc;mara, a CPI foi arquivada porque dos 171 deputados que assinaram o pedido de abertura da comiss&atilde;o, um deles n&atilde;o exercia o mandato, fazendo com que o qu&oacute;rum m&iacute;nimo exigido para a instala&ccedil;&atilde;o da CPI n&atilde;o fosse cumprido. No entanto, o relator do recurso contrap&ocirc;s e argumentou que o ato para a cria&ccedil;&atilde;o da CPI foi alcan&ccedil;ado, j&aacute; que naquele momento havia n&uacute;mero suficiente de parlamentares que estavam exercendo adequadamente o mandato.&nbsp; <\/span><span>&nbsp;<\/p>\n<p><\/span><span>Em seu parecer, Fraga tamb&eacute;m argumentou que todos os parlamentares que assinaram o requerimento foram procurados e os mesmos atestaram formalmente que apoiavam a CPI, fato que&nbsp; segundo ele, &eacute; uma manifesta&ccedil;&atilde;o categ&oacute;rica que n&atilde;o pode ser desconsiderada.&nbsp;&nbsp;&nbsp; <\/span><\/p>\n","protected":false},"excerpt":{"rendered":"<p>Se depender do deputado Neucimar Fraga (PR\/ES), a CPI das telecomunica&ccedil;&otilde;es ser&aacute; desarquivada. O parlamentar &eacute; o relator do recurso n&ordm; 65, que pede o desarquivamento da comiss&atilde;o e, na pr&oacute;xima quarta-feira, dia 21, o recurso ser&aacute; apreciado pelos membros da Comiss&atilde;o de Constitui&ccedil;&atilde;o e Justi&ccedil;a (CCJ) da C&acirc;mara. &nbsp; Fraga &eacute; favor&aacute;vel pela cria&ccedil;&atilde;o &hellip; <a href=\"https:\/\/obscom.intervozes.org.br\/?p=19815\" class=\"more-link\">Continue lendo <span class=\"screen-reader-text\">CPI das teles ter\u00e1 uma solu\u00e7\u00e3o final nesta quarta-feira<\/span> <span class=\"meta-nav\">&rarr;<\/span><\/a><\/p>\n","protected":false},"author":1,"featured_media":0,"comment_status":"open","ping_status":"open","sticky":false,"template":"","format":"standard","meta":{"footnotes":""},"categories":[40],"tags":[164],"_links":{"self":[{"href":"https:\/\/obscom.intervozes.org.br\/index.php?rest_route=\/wp\/v2\/posts\/19815"}],"collection":[{"href":"https:\/\/obscom.intervozes.org.br\/index.php?rest_route=\/wp\/v2\/posts"}],"about":[{"href":"https:\/\/obscom.intervozes.org.br\/index.php?rest_route=\/wp\/v2\/types\/post"}],"author":[{"embeddable":true,"href":"https:\/\/obscom.intervozes.org.br\/index.php?rest_route=\/wp\/v2\/users\/1"}],"replies":[{"embeddable":true,"href":"https:\/\/obscom.intervozes.org.br\/index.php?rest_route=%2Fwp%2Fv2%2Fcomments&post=19815"}],"version-history":[{"count":0,"href":"https:\/\/obscom.intervozes.org.br\/index.php?rest_route=\/wp\/v2\/posts\/19815\/revisions"}],"wp:attachment":[{"href":"https:\/\/obscom.intervozes.org.br\/index.php?rest_route=%2Fwp%2Fv2%2Fmedia&parent=19815"}],"wp:term":[{"taxonomy":"category","embeddable":true,"href":"https:\/\/obscom.intervozes.org.br\/index.php?rest_route=%2Fwp%2Fv2%2Fcategories&post=19815"},{"taxonomy":"post_tag","embeddable":true,"href":"https:\/\/obscom.intervozes.org.br\/index.php?rest_route=%2Fwp%2Fv2%2Ftags&post=19815"}],"curies":[{"name":"wp","href":"https:\/\/api.w.org\/{rel}","templated":true}]}}