{"id":19800,"date":"2007-11-19T12:39:28","date_gmt":"2007-11-19T12:39:28","guid":{"rendered":"https:\/\/obscom.intervozes.org.br\/wordpress\/?p=19800"},"modified":"2007-11-19T12:39:28","modified_gmt":"2007-11-19T12:39:28","slug":"lula-amplia-comissao-que-elabora-lei-de-comunicacao-de-massa","status":"publish","type":"post","link":"https:\/\/obscom.intervozes.org.br\/?p=19800","title":{"rendered":"Lula amplia comiss\u00e3o que elabora lei de comunica\u00e7\u00e3o de massa"},"content":{"rendered":"<p><span>O presidente Lula resolveu ampliar a comiss&atilde;o interministerial, criada no ano passado, para elaborar um anteprojeto de lei de comunica&ccedil;&atilde;o eletr&ocirc;nica de massa, regulamentando, assim, os artigos 221 e 222 da Constitui&ccedil;&atilde;o. Conforme decreto publicado hoje, integram tamb&eacute;m essa comiss&atilde;o representante da Secretaria de Comunica&ccedil;&atilde;o Social da Presid&ecirc;ncia da Rep&uacute;blica, da Secretaria-Geral da Presid&ecirc;ncia da Rep&uacute;blica e da Advocacia Geral da Uni&atilde;o.<\/p>\n<p>As informa&ccedil;&otilde;es s&atilde;o da TeleS&iacute;ntese.<\/span><\/p>\n","protected":false},"excerpt":{"rendered":"<p>O presidente Lula resolveu ampliar a comiss&atilde;o interministerial, criada no ano passado, para elaborar um anteprojeto de lei de comunica&ccedil;&atilde;o eletr&ocirc;nica de massa, regulamentando, assim, os artigos 221 e 222 da Constitui&ccedil;&atilde;o. Conforme decreto publicado hoje, integram tamb&eacute;m essa comiss&atilde;o representante da Secretaria de Comunica&ccedil;&atilde;o Social da Presid&ecirc;ncia da Rep&uacute;blica, da Secretaria-Geral da Presid&ecirc;ncia da &hellip; <a href=\"https:\/\/obscom.intervozes.org.br\/?p=19800\" class=\"more-link\">Continue lendo <span class=\"screen-reader-text\">Lula amplia comiss\u00e3o que elabora lei de comunica\u00e7\u00e3o de massa<\/span> <span class=\"meta-nav\">&rarr;<\/span><\/a><\/p>\n","protected":false},"author":1,"featured_media":0,"comment_status":"open","ping_status":"open","sticky":false,"template":"","format":"standard","meta":{"footnotes":""},"categories":[39],"tags":[],"_links":{"self":[{"href":"https:\/\/obscom.intervozes.org.br\/index.php?rest_route=\/wp\/v2\/posts\/19800"}],"collection":[{"href":"https:\/\/obscom.intervozes.org.br\/index.php?rest_route=\/wp\/v2\/posts"}],"about":[{"href":"https:\/\/obscom.intervozes.org.br\/index.php?rest_route=\/wp\/v2\/types\/post"}],"author":[{"embeddable":true,"href":"https:\/\/obscom.intervozes.org.br\/index.php?rest_route=\/wp\/v2\/users\/1"}],"replies":[{"embeddable":true,"href":"https:\/\/obscom.intervozes.org.br\/index.php?rest_route=%2Fwp%2Fv2%2Fcomments&post=19800"}],"version-history":[{"count":0,"href":"https:\/\/obscom.intervozes.org.br\/index.php?rest_route=\/wp\/v2\/posts\/19800\/revisions"}],"wp:attachment":[{"href":"https:\/\/obscom.intervozes.org.br\/index.php?rest_route=%2Fwp%2Fv2%2Fmedia&parent=19800"}],"wp:term":[{"taxonomy":"category","embeddable":true,"href":"https:\/\/obscom.intervozes.org.br\/index.php?rest_route=%2Fwp%2Fv2%2Fcategories&post=19800"},{"taxonomy":"post_tag","embeddable":true,"href":"https:\/\/obscom.intervozes.org.br\/index.php?rest_route=%2Fwp%2Fv2%2Ftags&post=19800"}],"curies":[{"name":"wp","href":"https:\/\/api.w.org\/{rel}","templated":true}]}}