{"id":19797,"date":"2007-11-16T17:21:42","date_gmt":"2007-11-16T17:21:42","guid":{"rendered":"https:\/\/obscom.intervozes.org.br\/wordpress\/?p=19797"},"modified":"2007-11-16T17:21:42","modified_gmt":"2007-11-16T17:21:42","slug":"disputas-partidarias-atrasam-implantacao-de-rede-de-banda-larga","status":"publish","type":"post","link":"https:\/\/obscom.intervozes.org.br\/?p=19797","title":{"rendered":"Disputas partid\u00e1rias atrasam implanta\u00e7\u00e3o de rede de banda larga"},"content":{"rendered":"<p>As principais autoridades brasileiras n&atilde;o conseguem chegar a um denominador comum para viabilizar um amplo programa de inclus&atilde;o digital no Pa&iacute;s. N&atilde;o se entendem, por exemplo, quanto a quem coordena tal projeto e de onde vir&aacute; a rede ou a infra-estrutura necess&aacute;ria para levar aos 5,6 mil munic&iacute;pios do pa&iacute;s, o acesso &agrave; Internet.<\/p>\n<p>H&aacute; uma n&iacute;tida disputa pol&iacute;tica entre os partidos da base do governo, PT\/PSB e o PMDB, com rela&ccedil;&atilde;o ao comando do projeto. Premeditadamente ou n&atilde;o, agora, quem entrou nessa briga foi o PSB, por interm&eacute;dio do ministro da Ci&ecirc;ncia e Tecnologia, S&eacute;rgio Rezende.<\/p>\n<p>Durante a abertura do IGF &#8211; Internet Governance Forum, no Rio de Janeiro, nesta segunda-feira (12\/11), o ministro da Ci&ecirc;ncia e Tecnologia, S&eacute;rgio Rezende, falou da possibilidade de o governo usar os dutos da Petrobr&aacute;s ou rede de 12 mil quil&ocirc;metros de fibras &oacute;pticas da falida Eletronet, como principal rede de banda larga para a inclus&atilde;o digital. Segundo ele, o governo n&atilde;o quer ficar &#39;dependente&#39; das concession&aacute;rias de telefonia fixa num tema t&atilde;o sens&iacute;vel como o da inclus&atilde;o digital. No ano que vem, as teles iniciam a montagem de um gigantesco backhaul que ir&aacute; atender a 3.570 munic&iacute;pios, queainda n&atilde;o disp&otilde;em de acesso &agrave; Internet. Esse projeto foi fruto de um acordo firmado entre as empresas e o ministro das Comunica&ccedil;&otilde;es, H&eacute;lio Costa, que &eacute; do PMDB. <\/p>\n<p>O ministro da Ci&ecirc;ncia e Tecnologia &#8211; ao defender Petrobr&aacute;s ou Eletronet &#8211; n&atilde;o levou em conta que as empresas de telefonia n&atilde;o est&atilde;o fazendo nenhum favor ao governo, uma vez que, simplesmente, trocaram um compromisso de universaliza&ccedil;&atilde;o por outro. Rezende fechou um acordo com o Minist&eacute;rio da Cultura e com o Minist&eacute;rio Extraordin&aacute;rio de Assuntos Estrat&eacute;gicos para retomar da estaca zero as discuss&otilde;es sobreredes de inclus&atilde;o digital. <\/p>\n<p>&#39;Vamos aproveitar toda a infra-estrutura existente, n&atilde;o vamos criar uma nova rede, o que nos interessa &eacute; integrar a estrutura existente para um amplo programa de acesso &agrave; Internet&#39;, explicou o ministro Mangabeira Unger, do Minist&eacute;rio Extrordin&aacute;rio de Assuntos Estrat&eacute;gicos. Indagado sobre porqu&ecirc; retomar um assunto, em est&aacute;gio avan&ccedil;ado no minist&eacute;rio das Comunica&ccedil;&otilde;es, Unger disse que a participa&ccedil;&atilde;o do Minicom na nova frente tambem est&aacute; garantida, embora reconhe&ccedil;a que esta &oacute;rg&atilde;o n&atilde;o faz parte do acordo assinado nesta segunda-feira, 12\/11, no IGF- Internet Governance Forum. <\/p>\n<p>At&eacute; agora, o projeto do Minist&eacute;rio das comunica&ccedil;&otilde;es de cria&ccedil;&atilde;o de um grande backhaul com apoio das concession&aacute;rias de telefonia fixa tem sido a &uacute;nica iniciativa &#39;vis&iacute;vel&#39; de governo. As demais propostas de inclus&atilde;o (Eletronet ou Petrobr&aacute;s)s&atilde;o programas de ocasi&atilde;o, sempre comentados nos bastidores por t&eacute;cnicos do governo, quando h&aacute; uma necessidade de se &#39;mostrar servi&ccedil;o&#39;, naquele que tem sido a maior dor de cabe&ccedil;a para o avan&ccedil;o da inclus&atilde;o digital do governo: A conectividade. <\/p>\n<p>Nesta ter&ccedil;a-feira, 13\/11, o ministrodas Comunica&ccedil;&otilde;es, H&eacute;lio Costa, presidir&aacute; a sess&atilde;o plen&aacute;ria sobre o tema &#39;Acesso&#39;, no F&oacute;rum para a Governan&ccedil;a da Internet (IGF), &agrave;s 11 horas. Ser&aacute; a vez do PMDB dar o troco no PT e no PSB. <\/p>\n","protected":false},"excerpt":{"rendered":"<p>As principais autoridades brasileiras n&atilde;o conseguem chegar a um denominador comum para viabilizar um amplo programa de inclus&atilde;o digital no Pa&iacute;s. N&atilde;o se entendem, por exemplo, quanto a quem coordena tal projeto e de onde vir&aacute; a rede ou a infra-estrutura necess&aacute;ria para levar aos 5,6 mil munic&iacute;pios do pa&iacute;s, o acesso &agrave; Internet. H&aacute; &hellip; <a href=\"https:\/\/obscom.intervozes.org.br\/?p=19797\" class=\"more-link\">Continue lendo <span class=\"screen-reader-text\">Disputas partid\u00e1rias atrasam implanta\u00e7\u00e3o de rede de banda larga<\/span> <span class=\"meta-nav\">&rarr;<\/span><\/a><\/p>\n","protected":false},"author":1,"featured_media":0,"comment_status":"open","ping_status":"open","sticky":false,"template":"","format":"standard","meta":{"footnotes":""},"categories":[40],"tags":[150],"_links":{"self":[{"href":"https:\/\/obscom.intervozes.org.br\/index.php?rest_route=\/wp\/v2\/posts\/19797"}],"collection":[{"href":"https:\/\/obscom.intervozes.org.br\/index.php?rest_route=\/wp\/v2\/posts"}],"about":[{"href":"https:\/\/obscom.intervozes.org.br\/index.php?rest_route=\/wp\/v2\/types\/post"}],"author":[{"embeddable":true,"href":"https:\/\/obscom.intervozes.org.br\/index.php?rest_route=\/wp\/v2\/users\/1"}],"replies":[{"embeddable":true,"href":"https:\/\/obscom.intervozes.org.br\/index.php?rest_route=%2Fwp%2Fv2%2Fcomments&post=19797"}],"version-history":[{"count":0,"href":"https:\/\/obscom.intervozes.org.br\/index.php?rest_route=\/wp\/v2\/posts\/19797\/revisions"}],"wp:attachment":[{"href":"https:\/\/obscom.intervozes.org.br\/index.php?rest_route=%2Fwp%2Fv2%2Fmedia&parent=19797"}],"wp:term":[{"taxonomy":"category","embeddable":true,"href":"https:\/\/obscom.intervozes.org.br\/index.php?rest_route=%2Fwp%2Fv2%2Fcategories&post=19797"},{"taxonomy":"post_tag","embeddable":true,"href":"https:\/\/obscom.intervozes.org.br\/index.php?rest_route=%2Fwp%2Fv2%2Ftags&post=19797"}],"curies":[{"name":"wp","href":"https:\/\/api.w.org\/{rel}","templated":true}]}}