{"id":19794,"date":"2007-11-16T17:10:28","date_gmt":"2007-11-16T17:10:28","guid":{"rendered":"https:\/\/obscom.intervozes.org.br\/wordpress\/?p=19794"},"modified":"2007-11-16T17:10:28","modified_gmt":"2007-11-16T17:10:28","slug":"rede-sem-fio-pode-ser-saida-para-combate-a-exclusao-digital-na-al","status":"publish","type":"post","link":"https:\/\/obscom.intervozes.org.br\/?p=19794","title":{"rendered":"Rede sem fio pode ser sa\u00edda para combate \u00e0 exclus\u00e3o digital na AL"},"content":{"rendered":"<p>O uso de tecnologias sem fio para garantir a conectividade em &aacute;reas rurais remotas exige marcos regulat&oacute;rios claros nos paises da Am&eacute;rica Latina. &Eacute; o que defende a colombiana Sylvia Cadena, representante da organiza&ccedil;&atilde;o WiLac, entidade criada para debater o compartilhamento de tecnologias sem fio (Wi-Fi, WiMAX e outras) na Am&eacute;rica Latina, pela Funda&ccedil;&atilde;o Escola-Latino Americana de Redes, da Col&ocirc;mbia.&nbsp;  <\/p>\n<p>Ao proferir palestra no 2&ordm; Forum de Governan&ccedil;a da Internet, no Rio de Janeiro, Sylvia Cadena explicou que os pa&iacute;ses precisam criar marcos regulat&oacute;rios que visem garantir o maior compartilhamento de redes poss&iacute;vel, para evitar penalizar os eventuais usu&aacute;rios desses servi&ccedil;os. <\/p>\n<p>Segundo ela, ser&atilde;o essas legisla&ccedil;&otilde;es que v&atilde;o garantir um maior grau de cobertura, sobretudo em &aacute;reas remotas. &quot;A falta de integra&ccedil;&atilde;o e coer&ecirc;ncia gera um n&iacute;vel de complexidade e aumentam os custos&quot;, destacou.<\/p>\n<p>Para a representante do WiLac existem, atualmente, na Am&eacute;rica Latina quatro grandes problemas que devem ser tratados pelos governos, de prefer&ecirc;ncia em comum acordo na regi&atilde;o, para que possa ser encontrada uma solu&ccedil;&atilde;o da falta de conectividade nas &aacute;reas rurais, atrav&eacute;s das tecnologias sem fio. <\/p>\n<p>Custos de rede: &Eacute; preciso que haja clara regulamenta&ccedil;&atilde;o neste quesito para que a popula&ccedil;&atilde;o, sobretudo, rural, n&atilde;o acabe subsidiando os custos dessa rede. &quot;Os custos de homologa&ccedil;&atilde;o de tecnologia deveriam ser tratados pelas empresas que ter&atilde;o o benef&iacute;cio econ&ocirc;mico ao vender essa tecnologia em particular&quot; explicou Sylvia.<\/p>\n<p>Integra&ccedil;&atilde;o: Os governos deveriam trabalhar numa integra&ccedil;&atilde;o regional que possibilite a gest&atilde;o de zonas de fronteira. &quot;Para que as comunidades possam compartilhar uma mesma cultura, se integrar e se comunicar&quot;, defende. <\/p>\n<p>Prioridade: A representante do WiLac tamb&eacute;m explicou que as comunidades n&atilde;o devem ser tratadas como &quot;exce&ccedil;&atilde;o &agrave; norma&quot;, t&atilde;o momente pelo fato de estarem em zonas rurais. Mas, sim, a base pelo qual se projeta um marco regulat&oacute;rio. segundo ela, os atuais marcos priorizam as &aacute;reas urbanas, quando a realidade mostra que mais de 70% da popula&ccedil;&atilde;o est&atilde;o na periferia ou em &aacute;reas rurais.<\/p>\n<p>Servi&ccedil;os emergenciais: Os servi&ccedil;os com maior demanda nas &aacute;reas rurais, tais como voz, mensagens e comunica&ccedil;&otilde;es emerg&ecirc;nciais para atendimento de desastres &quot;devem ser fortalecidos e oferecidos como &quot;um direito mais importante do que qualquer interesse econ&ocirc;mico&quot;, defendeu a colombiana Sylvia Cadena.<\/p>\n","protected":false},"excerpt":{"rendered":"<p>O uso de tecnologias sem fio para garantir a conectividade em &aacute;reas rurais remotas exige marcos regulat&oacute;rios claros nos paises da Am&eacute;rica Latina. &Eacute; o que defende a colombiana Sylvia Cadena, representante da organiza&ccedil;&atilde;o WiLac, entidade criada para debater o compartilhamento de tecnologias sem fio (Wi-Fi, WiMAX e outras) na Am&eacute;rica Latina, pela Funda&ccedil;&atilde;o Escola-Latino &hellip; <a href=\"https:\/\/obscom.intervozes.org.br\/?p=19794\" class=\"more-link\">Continue lendo <span class=\"screen-reader-text\">Rede sem fio pode ser sa\u00edda para combate \u00e0 exclus\u00e3o digital na AL<\/span> <span class=\"meta-nav\">&rarr;<\/span><\/a><\/p>\n","protected":false},"author":1,"featured_media":0,"comment_status":"open","ping_status":"open","sticky":false,"template":"","format":"standard","meta":{"footnotes":""},"categories":[40],"tags":[529],"_links":{"self":[{"href":"https:\/\/obscom.intervozes.org.br\/index.php?rest_route=\/wp\/v2\/posts\/19794"}],"collection":[{"href":"https:\/\/obscom.intervozes.org.br\/index.php?rest_route=\/wp\/v2\/posts"}],"about":[{"href":"https:\/\/obscom.intervozes.org.br\/index.php?rest_route=\/wp\/v2\/types\/post"}],"author":[{"embeddable":true,"href":"https:\/\/obscom.intervozes.org.br\/index.php?rest_route=\/wp\/v2\/users\/1"}],"replies":[{"embeddable":true,"href":"https:\/\/obscom.intervozes.org.br\/index.php?rest_route=%2Fwp%2Fv2%2Fcomments&post=19794"}],"version-history":[{"count":0,"href":"https:\/\/obscom.intervozes.org.br\/index.php?rest_route=\/wp\/v2\/posts\/19794\/revisions"}],"wp:attachment":[{"href":"https:\/\/obscom.intervozes.org.br\/index.php?rest_route=%2Fwp%2Fv2%2Fmedia&parent=19794"}],"wp:term":[{"taxonomy":"category","embeddable":true,"href":"https:\/\/obscom.intervozes.org.br\/index.php?rest_route=%2Fwp%2Fv2%2Fcategories&post=19794"},{"taxonomy":"post_tag","embeddable":true,"href":"https:\/\/obscom.intervozes.org.br\/index.php?rest_route=%2Fwp%2Fv2%2Ftags&post=19794"}],"curies":[{"name":"wp","href":"https:\/\/api.w.org\/{rel}","templated":true}]}}