{"id":19785,"date":"2007-11-14T16:23:28","date_gmt":"2007-11-14T16:23:28","guid":{"rendered":"https:\/\/obscom.intervozes.org.br\/wordpress\/?p=19785"},"modified":"2007-11-14T16:23:28","modified_gmt":"2007-11-14T16:23:28","slug":"mpf-pede-instalacao-de-telefone-publico-para-indios","status":"publish","type":"post","link":"https:\/\/obscom.intervozes.org.br\/?p=19785","title":{"rendered":"MPF pede instala\u00e7\u00e3o de telefone p\u00fablico para \u00edndios"},"content":{"rendered":"<p>O Minist&eacute;rio P&uacute;blico Federal em Goi&aacute;s entrou com A&ccedil;&atilde;o Civil P&uacute;blica contra a Brasil Telecom e a Ag&ecirc;ncia Nacional de Telecomunica&ccedil;&otilde;es (Anatel) para garantir o direito de a comunidade ind&iacute;gena Tapuia, da Terra Ind&iacute;gena Carret&atilde;o (a 273 quil&ocirc;metros de Goi&acirc;nia), ter acesso aos servi&ccedil;os b&aacute;sicos de telecomunica&ccedil;&atilde;o. Com 172 pessoas, sendo 160 &iacute;ndios, a comunidade n&atilde;o possui telefonia apesar da exig&ecirc;ncia legal de que o servi&ccedil;o fosse oferecido at&eacute; 31 de dezembro de 2005 a localidades com mais de 100 habitantes (Decreto 2.592\/98). <\/p>\n<p>Al&eacute;m de pedir a instala&ccedil;&atilde;o de um telefone deuso p&uacute;blico na aldeia em um prazo de 60 dias, o MPF quer a aplica&ccedil;&atilde;o de multa de R$ 10 mil por dia de atraso e outra multa de R$ 100 mil para a repara&ccedil;&atilde;o dos danos causados com a demora do cumprimento da lei. <\/p>\n<p>&#39;O telefone &eacute; hoje, assim com h&aacute; muitos anos, essencial &agrave; vida das pessoas. &Eacute; um facilitador das atividades humanas, diminui dist&acirc;ncias, proporciona recursos, informa&ccedil;&otilde;es e desenvolvimento&#39;, diz o procurador da Rep&uacute;blica Adrian Pereira Ziemba, autor da a&ccedil;&atilde;o. <\/p>\n<p>Segundo MPF, ter acesso ao servi&ccedil;o de telecomunica&ccedil;&otilde;es &eacute; uma reivindica&ccedil;&atilde;o antiga dos tapuias. Em 16 de novembro de 2001, eles solicitaram a instala&ccedil;&atilde;o de um telefone p&uacute;blico na comunidade, protocolando procedimento administrativo na Procuradoria-Geral da Rep&uacute;blica . Na &eacute;poca, a Brasil Telecom argumentou que a comunidade n&atilde;o se caracterizava como &#39;localidade&#39;. <\/p>\n","protected":false},"excerpt":{"rendered":"<p>O Minist&eacute;rio P&uacute;blico Federal em Goi&aacute;s entrou com A&ccedil;&atilde;o Civil P&uacute;blica contra a Brasil Telecom e a Ag&ecirc;ncia Nacional de Telecomunica&ccedil;&otilde;es (Anatel) para garantir o direito de a comunidade ind&iacute;gena Tapuia, da Terra Ind&iacute;gena Carret&atilde;o (a 273 quil&ocirc;metros de Goi&acirc;nia), ter acesso aos servi&ccedil;os b&aacute;sicos de telecomunica&ccedil;&atilde;o. Com 172 pessoas, sendo 160 &iacute;ndios, a comunidade &hellip; <a href=\"https:\/\/obscom.intervozes.org.br\/?p=19785\" class=\"more-link\">Continue lendo <span class=\"screen-reader-text\">MPF pede instala\u00e7\u00e3o de telefone p\u00fablico para \u00edndios<\/span> <span class=\"meta-nav\">&rarr;<\/span><\/a><\/p>\n","protected":false},"author":1,"featured_media":0,"comment_status":"open","ping_status":"open","sticky":false,"template":"","format":"standard","meta":{"footnotes":""},"categories":[40],"tags":[81],"_links":{"self":[{"href":"https:\/\/obscom.intervozes.org.br\/index.php?rest_route=\/wp\/v2\/posts\/19785"}],"collection":[{"href":"https:\/\/obscom.intervozes.org.br\/index.php?rest_route=\/wp\/v2\/posts"}],"about":[{"href":"https:\/\/obscom.intervozes.org.br\/index.php?rest_route=\/wp\/v2\/types\/post"}],"author":[{"embeddable":true,"href":"https:\/\/obscom.intervozes.org.br\/index.php?rest_route=\/wp\/v2\/users\/1"}],"replies":[{"embeddable":true,"href":"https:\/\/obscom.intervozes.org.br\/index.php?rest_route=%2Fwp%2Fv2%2Fcomments&post=19785"}],"version-history":[{"count":0,"href":"https:\/\/obscom.intervozes.org.br\/index.php?rest_route=\/wp\/v2\/posts\/19785\/revisions"}],"wp:attachment":[{"href":"https:\/\/obscom.intervozes.org.br\/index.php?rest_route=%2Fwp%2Fv2%2Fmedia&parent=19785"}],"wp:term":[{"taxonomy":"category","embeddable":true,"href":"https:\/\/obscom.intervozes.org.br\/index.php?rest_route=%2Fwp%2Fv2%2Fcategories&post=19785"},{"taxonomy":"post_tag","embeddable":true,"href":"https:\/\/obscom.intervozes.org.br\/index.php?rest_route=%2Fwp%2Fv2%2Ftags&post=19785"}],"curies":[{"name":"wp","href":"https:\/\/api.w.org\/{rel}","templated":true}]}}