{"id":19781,"date":"2007-11-14T16:11:38","date_gmt":"2007-11-14T16:11:38","guid":{"rendered":"https:\/\/obscom.intervozes.org.br\/wordpress\/?p=19781"},"modified":"2007-11-14T16:11:38","modified_gmt":"2007-11-14T16:11:38","slug":"tv-brasil-deve-ser-expressao-de-politica-publica-de-comunicacao","status":"publish","type":"post","link":"https:\/\/obscom.intervozes.org.br\/?p=19781","title":{"rendered":"TV Brasil deve ser express\u00e3o de pol\u00edtica p\u00fablica de comunica\u00e7\u00e3o"},"content":{"rendered":"<p>Salvador &ndash; A TV p&uacute;blica, ve&iacute;culo que, por defini&ccedil;&atilde;o, tem o papel de servir ao interesse p&uacute;blico de forma independente dos projetos econ&ocirc;micos e pol&iacute;ticos do mercado e dos governos, &eacute; uma velha conhecida dos telespectadores europeus. Tem desempenhado uma fun&ccedil;&atilde;o extremamente relevante no universo midi&aacute;tico de pa&iacute;ses como Inglaterra, Fran&ccedil;a, Alemanha, It&aacute;lia, Portugal, Holanda e outros, mas no Brasil o conceito &eacute; uma novidade que est&aacute; lutando para fincar ra&iacute;zes entre produtores de conte&uacute;do, telespectadores e pol&iacute;ticos. <\/p>\n<p>Alguns questionamentos mais comuns acerca da TV Brasil, o projeto nacional de TV p&uacute;blica em implanta&ccedil;&atilde;o, tocam em pontos delicados, como o grau de interfer&ecirc;ncia (ou atrelamento) do Governo na sua gest&atilde;o pol&iacute;tica e no seu conte&uacute;do, a capacidade de responder ao desafio de produzir material de qualidade que atenda as expectativas de um p&uacute;blico acostumado ao padr&atilde;o dos canais privados, a capacidade de levar o sinal a todas as regi&otilde;es do pa&iacute;s sem exce&ccedil;&atilde;o, entre outros. <\/p>\n<p>Um dos temas centrais do F&oacute;rum Nacional M&iacute;dia, Poder e Democracia, evento que ocorre em Salvador at&eacute; este dia 14 e que re&uacute;ne renomados especialistas brasileiros e internacionais em comunica&ccedil;&atilde;o, o projeto brasileiro de TV p&uacute;blica foi abordado em todos os seus aspectos tanto por profissionais que est&atilde;o na dianteira do processo, como a jornalista Tereza Cruvinel, indicada para dirigir o projeto, e Beth Carmona, atualmente &agrave; frente da funda&ccedil;&atilde;o Roquette Pinto e da TVE\/RJ, quanto especialistas no tema, como o professor Laurindo Leal Filho, da USP, e produtoresde conte&uacute;do independente. <\/p>\n<p>De acordo com Leal Filho, no Brasil, onde desde o in&iacute;cio a TV foi privada (apesar de usufruir de concess&otilde;es p&uacute;blicas), a principal dificuldade da popula&ccedil;&atilde;o &eacute; entender o &#39;pra que uma TV p&uacute;blica, se o que a Globo produz &eacute; t&atilde;o bom&#39;. No pa&iacute;s n&atilde;o h&aacute; hist&oacute;ria nem ac&uacute;mulo de conhecimento e discuss&atilde;o sobre este modelo de televis&atilde;o, ao contr&aacute;rio da Europa, onde a radiodifus&atilde;o nasceu p&uacute;blica na maioria dos casos, avalia o professor. Ou seja, &eacute; preciso difundir o conceito de comunica&ccedil;&atilde;o televisiva como um servi&ccedil;o p&uacute;blico prestado pelo Estado, nos moldes dos servi&ccedil;os de educa&ccedil;&atilde;o, sa&uacute;de, transporte etc. <\/p>\n<p>Para garantir que a gest&atilde;o da TV p&uacute;blica tenha como foco exclusivo o interesse maior da popula&ccedil;&atilde;o, sem interfer&ecirc;ncia dos governos e das for&ccedil;as pol&iacute;ticas que os ocupam, foram criados diversos modelos. Em pa&iacute;ses como Inglaterra, Su&eacute;cia e Jap&atilde;o, por exemplo, os conselhos gestores do canal p&uacute;blico s&atilde;o indicados pela sociedade a partir de crit&eacute;rios objetivos. J&aacute; na Alemanha e na B&eacute;lgica, os conselhos s&atilde;o compostos de representantes dos diversos partidos e organiza&ccedil;&otilde;es nacionais da sociedade civil, paragarantir a pluralidade e fomentar o debate das diverg&ecirc;ncias. <\/p>\n<p>No Brasil, segundo Tereza Cruvinel o conselho da TV p&uacute;blica ser&aacute; indicado pelo chefe de Estado, representante eleito do povo. O conselho curador ser&aacute; composto por 15 membros da sociedade civil, um representante dos funcion&aacute;rios e quatro representantes do governo. O objetivo central do projeto &eacute; romper o direcionamento e o estreitamento dos conte&uacute;dos da TV privada, formando uma rede com emissoras publicas e estatais nos estados &#39;a come&ccedil;ar pela TVE\/RJ, TVE\/MA e TV Cultura\/SP&#39; para possibilitar a pluralidade e a regionaliza&ccedil;&atilde;o da produ&ccedil;&atilde;o de conte&uacute;do e dar espa&ccedil;o para os diversos setores da sociedade brasileira. Quanto &agrave; autonomia do TV Brasil, Cruvinel afirma que o governo manter&aacute; um programa pr&oacute;prio atrav&eacute;s da NBR. <\/p>\n<p>Na mesma dire&ccedil;&atilde;o, Beth Carmona acredita que a TV Brasil ter&aacute; um papelfundamental no processo de desenvolvimento e educa&ccedil;&atilde;o do pa&iacute;s, e seu estilo e conte&uacute;do dever&atilde;o se desenvolver ao longo do tempo, adequando-se &agrave;s demandas que surgir&atilde;o do p&uacute;blico. Segundo ela, apesar de n&atilde;o se pautar pelos &iacute;ndices de audi&ecirc;ncia, a qualidade de sua produ&ccedil;&atilde;o dever&aacute; prevera aceita&ccedil;&atilde;o do p&uacute;blico. <\/p>\n","protected":false},"excerpt":{"rendered":"<p>Salvador &ndash; A TV p&uacute;blica, ve&iacute;culo que, por defini&ccedil;&atilde;o, tem o papel de servir ao interesse p&uacute;blico de forma independente dos projetos econ&ocirc;micos e pol&iacute;ticos do mercado e dos governos, &eacute; uma velha conhecida dos telespectadores europeus. Tem desempenhado uma fun&ccedil;&atilde;o extremamente relevante no universo midi&aacute;tico de pa&iacute;ses como Inglaterra, Fran&ccedil;a, Alemanha, It&aacute;lia, Portugal, Holanda &hellip; <a href=\"https:\/\/obscom.intervozes.org.br\/?p=19781\" class=\"more-link\">Continue lendo <span class=\"screen-reader-text\">TV Brasil deve ser express\u00e3o de pol\u00edtica p\u00fablica de comunica\u00e7\u00e3o<\/span> <span class=\"meta-nav\">&rarr;<\/span><\/a><\/p>\n","protected":false},"author":1,"featured_media":0,"comment_status":"open","ping_status":"open","sticky":false,"template":"","format":"standard","meta":{"footnotes":""},"categories":[40],"tags":[144],"_links":{"self":[{"href":"https:\/\/obscom.intervozes.org.br\/index.php?rest_route=\/wp\/v2\/posts\/19781"}],"collection":[{"href":"https:\/\/obscom.intervozes.org.br\/index.php?rest_route=\/wp\/v2\/posts"}],"about":[{"href":"https:\/\/obscom.intervozes.org.br\/index.php?rest_route=\/wp\/v2\/types\/post"}],"author":[{"embeddable":true,"href":"https:\/\/obscom.intervozes.org.br\/index.php?rest_route=\/wp\/v2\/users\/1"}],"replies":[{"embeddable":true,"href":"https:\/\/obscom.intervozes.org.br\/index.php?rest_route=%2Fwp%2Fv2%2Fcomments&post=19781"}],"version-history":[{"count":0,"href":"https:\/\/obscom.intervozes.org.br\/index.php?rest_route=\/wp\/v2\/posts\/19781\/revisions"}],"wp:attachment":[{"href":"https:\/\/obscom.intervozes.org.br\/index.php?rest_route=%2Fwp%2Fv2%2Fmedia&parent=19781"}],"wp:term":[{"taxonomy":"category","embeddable":true,"href":"https:\/\/obscom.intervozes.org.br\/index.php?rest_route=%2Fwp%2Fv2%2Fcategories&post=19781"},{"taxonomy":"post_tag","embeddable":true,"href":"https:\/\/obscom.intervozes.org.br\/index.php?rest_route=%2Fwp%2Fv2%2Ftags&post=19781"}],"curies":[{"name":"wp","href":"https:\/\/api.w.org\/{rel}","templated":true}]}}