{"id":19773,"date":"2007-11-14T11:57:24","date_gmt":"2007-11-14T11:57:24","guid":{"rendered":"https:\/\/obscom.intervozes.org.br\/wordpress\/?p=19773"},"modified":"2007-11-14T11:57:24","modified_gmt":"2007-11-14T11:57:24","slug":"igf-relaciona-exclusao-digital-nos-paises-em-desenvolvimento-com-falta-de-integracao","status":"publish","type":"post","link":"https:\/\/obscom.intervozes.org.br\/?p=19773","title":{"rendered":"IGF relaciona exclus\u00e3o digital nos pa\u00edses em desenvolvimento com falta de integra\u00e7\u00e3o"},"content":{"rendered":"<p><span>Enquanto o ICANN foi o centro das aten&ccedil;&otilde;es no primeiro dia do Internet Governance Forum 2007, realizado pela Organiza&ccedil;&atilde;o das Na&ccedil;&otilde;es Unidas no Rio de Janeiro, as dificuldades enfrentadas pela inclus&atilde;o digital em pa&iacute;ses em desenvolvidos foi o assunto em pauta nesta ter&ccedil;a-feira (13\/11). <\/span><span>E todos os pontos de vista apontavam para a mesma dire&ccedil;&atilde;o: a falta de coordena&ccedil;&atilde;o e mobiliza&ccedil;&atilde;o das pr&oacute;prias na&ccedil;&otilde;es. <\/p>\n<p><\/span><span>Em painel mediado pelo ministro das Comunica&ccedil;&otilde;es, H&eacute;lio Costa, Mouhammet Diop, CEO da empresa senegalesa Next.sn, encontrou semelha&ccedil;as entre &Aacute;frica e Am&eacute;rica Latina, principalmente, pela fragmenta&ccedil;&atilde;o na maneira como suas na&ccedil;&otilde;es tentam incluir digitalmente seus habitantes.&nbsp;<\/p>\n<p><\/span><span>A dificuldade de coordena&ccedil;&atilde;o se transforma em barreira para a inclus&atilde;o digital enquanto pa&iacute;ses escolhem plataformas divergentes e, muitas vezes, com caracer&iacute;sticas opostas, para a mesma obriga&ccedil;&atilde;o de oferecer acesso aos exclu&iacute;dos, lembrou Valerie D&rsquo;Costa, do programa de doa&ccedil;&atilde;o de equipamentos de inform&aacute;tica infoDev, bra&ccedil;o do Banco Mundial.<\/p>\n<p><\/span><span>&quot;Falaria (para administradores de fundos governamentais para comunica&ccedil;&atilde;o em pa&iacute;ses pobres) que gastassem o dinheiro para suportar as solu&ccedil;&otilde;es mais ideais de acesso que est&atilde;o brotando aqui e ali ao inv&eacute;s de apenas esperar que operadoras mostrem seus planos&quot;, prop&ocirc;s.<\/p>\n<p><\/span><span>A desorganiza&ccedil;&atilde;o provoca tamb&eacute;m problemas internos, com planos de acesso &agrave; banda larga que depende apenas do governo, algo que dificulta investimentos e raramente s&atilde;o entregues completos &agrave; popula&ccedil;&atilde;o, defendeu Mike Jensen, consultor independente de Johannesburg, na &Aacute;frica do Sul.<\/p>\n<p><\/span><span>Tanto para ele como para Daniel Pimienta, pesquisador da Universidade de Martinica que participou do painel &quot;Diversity&quot; mediado pelo ministro da Cultura, Gilberto Gil, o principal problema n&atilde;o est&aacute; apenas na infra-estrutura tecnol&oacute;gica, mas na falta de incentivo para cria&ccedil;&atilde;o de conte&uacute;do digital, tarefa que poderia levar ainda mais exclu&iacute;dos &agrave; internet.<\/p>\n<p><\/span><span>A mesma vis&atilde;o foi compartilhada&nbsp; por Gil em discursos anteriores ao IGF, ao defender a necessidade da instala&ccedil;&atilde;o da terceira evolu&ccedil;&atilde;o dos centros de inclus&atilde;o digital, preparado para capturar e editar filme, a&uacute;dio e imagens digitais como forma de, al&eacute;m de incluir, ensinar uma habilidade para usu&aacute;rios menos favorecidos.<\/p>\n<p><\/span><span>&quot;Das 40 mil l&iacute;nguas que criamos no planeta, apenas entre 6 mil e 9 mil permanecem e, destas, menos de 500 existem digitalmente. Deste total, menos de 50 concentram mais de 99% do conte&uacute;do online. Uma total exist&ecirc;ncia digital n&atilde;o &eacute; limitada aos c&oacute;digos&quot;, explica Pimienta, resvalando em conceitos antropol&oacute;gicos para citar a exclus&atilde;o cultural na web atualmente.<\/p>\n<p><\/span><span>Ironicamente, foi o ICANN, alvo de questionamentos sobre seu papel no primeiro dia do evento, que iniciou testes com dom&iacute;nios de 11 l&iacute;nguas n&atilde;o derivadas do latim, o que permitir&aacute; URLs com caracteres chineses, &aacute;rabes, grego e japon&ecirc;s, por exemplo.<\/p>\n<p><\/span><span>Por mais que n&atilde;o tenha sido lembrado t&atilde;o constantemente durante o segundo dia do IGF 2007, a dire&ccedil;&atilde;o tomada pelos debates que clamam uma organiza&ccedil;&atilde;o que possa ajudar na integra&ccedil;&atilde;o de pa&iacute;ses&nbsp; para inclus&atilde;o digital parece ter ajudado para colocar ainda mais d&uacute;vidas sobre o papel do ICANN.<\/span><\/p>\n","protected":false},"excerpt":{"rendered":"<p>Enquanto o ICANN foi o centro das aten\u00e7\u00f5es no primeiro dia do Internet Governance Forum 2007, as dificuldades enfrentadas pela inclus\u00e3o digital em pa\u00edses em desenvolvidos foi o assunto em pauta na ter\u00e7a-feira.<\/p>\n","protected":false},"author":1,"featured_media":0,"comment_status":"open","ping_status":"open","sticky":false,"template":"","format":"standard","meta":{"footnotes":""},"categories":[40],"tags":[529],"_links":{"self":[{"href":"https:\/\/obscom.intervozes.org.br\/index.php?rest_route=\/wp\/v2\/posts\/19773"}],"collection":[{"href":"https:\/\/obscom.intervozes.org.br\/index.php?rest_route=\/wp\/v2\/posts"}],"about":[{"href":"https:\/\/obscom.intervozes.org.br\/index.php?rest_route=\/wp\/v2\/types\/post"}],"author":[{"embeddable":true,"href":"https:\/\/obscom.intervozes.org.br\/index.php?rest_route=\/wp\/v2\/users\/1"}],"replies":[{"embeddable":true,"href":"https:\/\/obscom.intervozes.org.br\/index.php?rest_route=%2Fwp%2Fv2%2Fcomments&post=19773"}],"version-history":[{"count":0,"href":"https:\/\/obscom.intervozes.org.br\/index.php?rest_route=\/wp\/v2\/posts\/19773\/revisions"}],"wp:attachment":[{"href":"https:\/\/obscom.intervozes.org.br\/index.php?rest_route=%2Fwp%2Fv2%2Fmedia&parent=19773"}],"wp:term":[{"taxonomy":"category","embeddable":true,"href":"https:\/\/obscom.intervozes.org.br\/index.php?rest_route=%2Fwp%2Fv2%2Fcategories&post=19773"},{"taxonomy":"post_tag","embeddable":true,"href":"https:\/\/obscom.intervozes.org.br\/index.php?rest_route=%2Fwp%2Fv2%2Ftags&post=19773"}],"curies":[{"name":"wp","href":"https:\/\/api.w.org\/{rel}","templated":true}]}}