{"id":19763,"date":"2007-11-13T17:26:47","date_gmt":"2007-11-13T17:26:47","guid":{"rendered":"https:\/\/obscom.intervozes.org.br\/wordpress\/?p=19763"},"modified":"2007-11-13T17:26:47","modified_gmt":"2007-11-13T17:26:47","slug":"ministro-ameaca-importar-conversor-caso-industria-nao-baixe-precos","status":"publish","type":"post","link":"https:\/\/obscom.intervozes.org.br\/?p=19763","title":{"rendered":"Ministro &#8216;amea\u00e7a&#8217; importar conversor caso ind\u00fastria n\u00e3o baixe pre\u00e7os"},"content":{"rendered":"<div>\n<div>\n<p>O ministro das Comunica&ccedil;&otilde;es, H&eacute;lio Costa, amea&ccedil;ou importar o conversor de TV digital caso a ind&uacute;stria n&atilde;o reduza os pre&ccedil;os, que segundo estimativas do setor, devem ficar em 700 reais os modelos mais baratos.<\/p>\n<p>A declara&ccedil;&atilde;o foi feita no Internet Governance Forum 2007, evento organizado pela Organiza&ccedil;&otilde;es das Na&ccedil;&otilde;es Unidas (ONU), que acontece at&eacute; o dia 15 de novembro no Rio de Janeiro.<\/p>\n<p>H&eacute;lio Costa garantiu que reunir&aacute; a ind&uacute;stria nacional at&eacute; o final de novembro para lhes propor a diminui&ccedil;&atilde;o do pre&ccedil;o dos aparelhos que converter&atilde;o o sinal digital para televis&otilde;es que n&atilde;o suportam o sistema para at&eacute; um quarto do pre&ccedil;o proposto pelas fabricantes.<\/p>\n<p>Enquanto fabricantes da ind&uacute;stria consideram equipamentos avaliados entre 700 e 900 reais nas prateleiras no come&ccedil;o de dezembro, Costa prometeu por seguidas vezes equipamentos id&ecirc;nticos fabricados no Brasil que custariam entre 150 reais e 180 reais.<\/p>\n<p>Na reuni&atilde;o, o Minist&eacute;rio usar&aacute; como exemplo a venda de set-top boxes no Jap&atilde;o, Estados Unidos e Europa, onde os equipamentos saem por entre 60 d&oacute;lares e 100 d&oacute;lares. Caso a ind&uacute;stria n&atilde;o concorde, o ministro afirmou que o Brasil importar&aacute; set-top boxes.<\/p>\n<p>&quot;Se eles (Jap&atilde;o, EUA e Europa) podem, por que n&oacute;s n&atilde;o podemos? Eles (ind&uacute;stria) precisam encontrar uma maneira&quot;, disse Costa em entrevista exclusiva ao IDG Now!, acusando ainda os fabricantes de &quot;n&atilde;o ter interesse&quot; em comercializar equipamentos baratos.<\/p>\n<p>Caso a importa&ccedil;&atilde;o de set-top boxes seja confirmada, Costa afirma que o Minist&eacute;rio das Comunica&ccedil;&otilde;es facilitar&aacute; de todas as maneiras, como com a isen&ccedil;&atilde;o de impostos, a chegada dos equipamentos estrangeiros ao pa&iacute;s.<\/p>\n<\/div>\n<\/div>\n","protected":false},"excerpt":{"rendered":"<p>O ministro das Comunica&ccedil;&otilde;es, H&eacute;lio Costa, amea&ccedil;ou importar o conversor de TV digital caso a ind&uacute;stria n&atilde;o reduza os pre&ccedil;os, que segundo estimativas do setor, devem ficar em 700 reais os modelos mais baratos. A declara&ccedil;&atilde;o foi feita no Internet Governance Forum 2007, evento organizado pela Organiza&ccedil;&otilde;es das Na&ccedil;&otilde;es Unidas (ONU), que acontece at&eacute; o &hellip; <a href=\"https:\/\/obscom.intervozes.org.br\/?p=19763\" class=\"more-link\">Continue lendo <span class=\"screen-reader-text\">Ministro &#8216;amea\u00e7a&#8217; importar conversor caso ind\u00fastria n\u00e3o baixe pre\u00e7os<\/span> <span class=\"meta-nav\">&rarr;<\/span><\/a><\/p>\n","protected":false},"author":1,"featured_media":0,"comment_status":"open","ping_status":"open","sticky":false,"template":"","format":"standard","meta":{"footnotes":""},"categories":[40],"tags":[79],"_links":{"self":[{"href":"https:\/\/obscom.intervozes.org.br\/index.php?rest_route=\/wp\/v2\/posts\/19763"}],"collection":[{"href":"https:\/\/obscom.intervozes.org.br\/index.php?rest_route=\/wp\/v2\/posts"}],"about":[{"href":"https:\/\/obscom.intervozes.org.br\/index.php?rest_route=\/wp\/v2\/types\/post"}],"author":[{"embeddable":true,"href":"https:\/\/obscom.intervozes.org.br\/index.php?rest_route=\/wp\/v2\/users\/1"}],"replies":[{"embeddable":true,"href":"https:\/\/obscom.intervozes.org.br\/index.php?rest_route=%2Fwp%2Fv2%2Fcomments&post=19763"}],"version-history":[{"count":0,"href":"https:\/\/obscom.intervozes.org.br\/index.php?rest_route=\/wp\/v2\/posts\/19763\/revisions"}],"wp:attachment":[{"href":"https:\/\/obscom.intervozes.org.br\/index.php?rest_route=%2Fwp%2Fv2%2Fmedia&parent=19763"}],"wp:term":[{"taxonomy":"category","embeddable":true,"href":"https:\/\/obscom.intervozes.org.br\/index.php?rest_route=%2Fwp%2Fv2%2Fcategories&post=19763"},{"taxonomy":"post_tag","embeddable":true,"href":"https:\/\/obscom.intervozes.org.br\/index.php?rest_route=%2Fwp%2Fv2%2Ftags&post=19763"}],"curies":[{"name":"wp","href":"https:\/\/api.w.org\/{rel}","templated":true}]}}