{"id":19757,"date":"2007-11-13T15:32:21","date_gmt":"2007-11-13T15:32:21","guid":{"rendered":"https:\/\/obscom.intervozes.org.br\/wordpress\/?p=19757"},"modified":"2007-11-13T15:32:21","modified_gmt":"2007-11-13T15:32:21","slug":"audiencia-publica-no-senado-discute-o-sistema-de-radio-digital","status":"publish","type":"post","link":"https:\/\/obscom.intervozes.org.br\/?p=19757","title":{"rendered":"Audi\u00eancia p\u00fablica no Senado discute o sistema de r\u00e1dio digital"},"content":{"rendered":"<p>Diante da pol&ecirc;mica envolvendo a ado&ccedil;&atilde;o do padr&atilde;o norte-americano IBOC para o sistema de r&aacute;dio digital brasileiro, a Comiss&atilde;o de Ci&ecirc;ncia, Tecnologia, Inova&ccedil;&atilde;o, Comunica&ccedil;&atilde;o e Inform&aacute;tica promove no pr&oacute;ximo dia 22 de novembro a audi&ecirc;ncia p&uacute;blica &quot;Discutir sobre a ado&ccedil;&atilde;o de uma nova tecnologia para o r&aacute;dio digital&quot;. Al&eacute;m do ministro das Comunica&ccedil;&otilde;es H&eacute;lio Costa, estar&atilde;o presentes ainda o presidente da Anatel &ndash; Ag&ecirc;ncia Nacional de Telecomunica&ccedil;&otilde;es, Ronaldo Sardenberg, o presidente da Abert &ndash; Associa&ccedil;&atilde;o Brasileira de Emissoras de R&aacute;dio e TV, o Coordenador da Abra&ccedil;o &#8211; Associa&ccedil;&atilde;o Brasileira de Radiodifus&atilde;o Comunit&aacute;ria, Jos&eacute; Guilherme Castro, a presidente da FARC &#8211; Federa&ccedil;&atilde;o das Associa&ccedil;&otilde;es das R&aacute;dios Comunit&aacute;rias do Rio de Janeiro, Maria das Gra&ccedil;as Rocha e o professor L&uacute;cio Martins da Silva.<\/p>\n<p>A audi&ecirc;ncia p&uacute;blica acontece no Plen&aacute;rio 13 da Ala Senador Alexandre Costa.<\/p>\n","protected":false},"excerpt":{"rendered":"<p>Diante da pol&ecirc;mica envolvendo a ado&ccedil;&atilde;o do padr&atilde;o norte-americano IBOC para o sistema de r&aacute;dio digital brasileiro, a Comiss&atilde;o de Ci&ecirc;ncia, Tecnologia, Inova&ccedil;&atilde;o, Comunica&ccedil;&atilde;o e Inform&aacute;tica promove no pr&oacute;ximo dia 22 de novembro a audi&ecirc;ncia p&uacute;blica &quot;Discutir sobre a ado&ccedil;&atilde;o de uma nova tecnologia para o r&aacute;dio digital&quot;. Al&eacute;m do ministro das Comunica&ccedil;&otilde;es H&eacute;lio Costa, &hellip; <a href=\"https:\/\/obscom.intervozes.org.br\/?p=19757\" class=\"more-link\">Continue lendo <span class=\"screen-reader-text\">Audi\u00eancia p\u00fablica no Senado discute o sistema de r\u00e1dio digital<\/span> <span class=\"meta-nav\">&rarr;<\/span><\/a><\/p>\n","protected":false},"author":1,"featured_media":0,"comment_status":"open","ping_status":"open","sticky":false,"template":"","format":"standard","meta":{"footnotes":""},"categories":[39],"tags":[],"_links":{"self":[{"href":"https:\/\/obscom.intervozes.org.br\/index.php?rest_route=\/wp\/v2\/posts\/19757"}],"collection":[{"href":"https:\/\/obscom.intervozes.org.br\/index.php?rest_route=\/wp\/v2\/posts"}],"about":[{"href":"https:\/\/obscom.intervozes.org.br\/index.php?rest_route=\/wp\/v2\/types\/post"}],"author":[{"embeddable":true,"href":"https:\/\/obscom.intervozes.org.br\/index.php?rest_route=\/wp\/v2\/users\/1"}],"replies":[{"embeddable":true,"href":"https:\/\/obscom.intervozes.org.br\/index.php?rest_route=%2Fwp%2Fv2%2Fcomments&post=19757"}],"version-history":[{"count":0,"href":"https:\/\/obscom.intervozes.org.br\/index.php?rest_route=\/wp\/v2\/posts\/19757\/revisions"}],"wp:attachment":[{"href":"https:\/\/obscom.intervozes.org.br\/index.php?rest_route=%2Fwp%2Fv2%2Fmedia&parent=19757"}],"wp:term":[{"taxonomy":"category","embeddable":true,"href":"https:\/\/obscom.intervozes.org.br\/index.php?rest_route=%2Fwp%2Fv2%2Fcategories&post=19757"},{"taxonomy":"post_tag","embeddable":true,"href":"https:\/\/obscom.intervozes.org.br\/index.php?rest_route=%2Fwp%2Fv2%2Ftags&post=19757"}],"curies":[{"name":"wp","href":"https:\/\/api.w.org\/{rel}","templated":true}]}}