{"id":19756,"date":"2007-11-13T15:31:31","date_gmt":"2007-11-13T15:31:31","guid":{"rendered":"https:\/\/obscom.intervozes.org.br\/wordpress\/?p=19756"},"modified":"2007-11-13T15:31:31","modified_gmt":"2007-11-13T15:31:31","slug":"autoridades-e-organizacoes-lancam-o-forum-em-defesa-das-radios-comunitarias-no-para","status":"publish","type":"post","link":"https:\/\/obscom.intervozes.org.br\/?p=19756","title":{"rendered":"Autoridades e organiza\u00e7\u00f5es lan\u00e7am o F\u00f3rum em Defesa das R\u00e1dios Comunit\u00e1rias no Par\u00e1"},"content":{"rendered":"\n<p>Com a presen&ccedil;a de autoridades locais, entidades e organiza&ccedil;&otilde;es em defesa da democratiza&ccedil;&atilde;o da comunica&ccedil;&atilde;o, o estado do Par&aacute; assiste ao lan&ccedil;amento do F&oacute;rum em Defesa das R&aacute;dios Comunit&aacute;rias. O evento acontece no pr&oacute;ximo dia 15 de novembro, devendo integrar os convidados em mesas, pain&eacute;is, grupos de trabalho e, finalmente, em uma plen&aacute;ria que pretende debater as propostas surgidas durante o F&oacute;rum.<\/p>\n<p>A governadora do Par&aacute;, Anna J&uacute;lia Carepa, abrir&aacute; a mesa de abertura, acompanhada por deputados e vereadoras envolvidos na quest&atilde;o das r&aacute;dios comunit&aacute;rias. No painel que pretende discutir o sistema de comunica&ccedil;&atilde;o vigente no Brasil estar&atilde;o presentes entidades como a Abra&ccedil;o &ndash; Associa&ccedil;&atilde;o Brasileira de R&aacute;dios Comunit&aacute;rias, a Arca &ndash; Associa&ccedil;&atilde;o de R&aacute;dios Comunit&aacute;rias da Amaz&ocirc;nia e o FNDC &ndash; F&oacute;rum Nacional pela Democratiza&ccedil;&atilde;o da Comunica&ccedil;&atilde;o.<\/p>\n<p>O evento acontece no campus CCNT da Universidade Estadual do Par&aacute; e contar&aacute; ainda com uma programa&ccedil;&atilde;o cultural no encerramento do evento.<\/p>\n","protected":false},"excerpt":{"rendered":"<p>Com a presen&ccedil;a de autoridades locais, entidades e organiza&ccedil;&otilde;es em defesa da democratiza&ccedil;&atilde;o da comunica&ccedil;&atilde;o, o estado do Par&aacute; assiste ao lan&ccedil;amento do F&oacute;rum em Defesa das R&aacute;dios Comunit&aacute;rias. O evento acontece no pr&oacute;ximo dia 15 de novembro, devendo integrar os convidados em mesas, pain&eacute;is, grupos de trabalho e, finalmente, em uma plen&aacute;ria que pretende &hellip; <a href=\"https:\/\/obscom.intervozes.org.br\/?p=19756\" class=\"more-link\">Continue lendo <span class=\"screen-reader-text\">Autoridades e organiza\u00e7\u00f5es lan\u00e7am o F\u00f3rum em Defesa das R\u00e1dios Comunit\u00e1rias no Par\u00e1<\/span> <span class=\"meta-nav\">&rarr;<\/span><\/a><\/p>\n","protected":false},"author":1,"featured_media":0,"comment_status":"open","ping_status":"open","sticky":false,"template":"","format":"standard","meta":{"footnotes":""},"categories":[39],"tags":[],"_links":{"self":[{"href":"https:\/\/obscom.intervozes.org.br\/index.php?rest_route=\/wp\/v2\/posts\/19756"}],"collection":[{"href":"https:\/\/obscom.intervozes.org.br\/index.php?rest_route=\/wp\/v2\/posts"}],"about":[{"href":"https:\/\/obscom.intervozes.org.br\/index.php?rest_route=\/wp\/v2\/types\/post"}],"author":[{"embeddable":true,"href":"https:\/\/obscom.intervozes.org.br\/index.php?rest_route=\/wp\/v2\/users\/1"}],"replies":[{"embeddable":true,"href":"https:\/\/obscom.intervozes.org.br\/index.php?rest_route=%2Fwp%2Fv2%2Fcomments&post=19756"}],"version-history":[{"count":0,"href":"https:\/\/obscom.intervozes.org.br\/index.php?rest_route=\/wp\/v2\/posts\/19756\/revisions"}],"wp:attachment":[{"href":"https:\/\/obscom.intervozes.org.br\/index.php?rest_route=%2Fwp%2Fv2%2Fmedia&parent=19756"}],"wp:term":[{"taxonomy":"category","embeddable":true,"href":"https:\/\/obscom.intervozes.org.br\/index.php?rest_route=%2Fwp%2Fv2%2Fcategories&post=19756"},{"taxonomy":"post_tag","embeddable":true,"href":"https:\/\/obscom.intervozes.org.br\/index.php?rest_route=%2Fwp%2Fv2%2Ftags&post=19756"}],"curies":[{"name":"wp","href":"https:\/\/api.w.org\/{rel}","templated":true}]}}