{"id":19754,"date":"2007-11-12T20:42:32","date_gmt":"2007-11-12T20:42:32","guid":{"rendered":"https:\/\/obscom.intervozes.org.br\/wordpress\/?p=19754"},"modified":"2007-11-12T20:42:32","modified_gmt":"2007-11-12T20:42:32","slug":"brasil-propoe-gestao-mundial-da-internet-ligada-as-nacoes-unidas","status":"publish","type":"post","link":"https:\/\/obscom.intervozes.org.br\/?p=19754","title":{"rendered":"Brasil prop\u00f5e gest\u00e3o mundial da internet ligada \u00e0s Na\u00e7\u00f5es Unidas"},"content":{"rendered":"<p style=\"margin: 0cm 0cm 0pt\" class=\"MsoNormal\"><span>Come&ccedil;ou nesta segunda-feira (12\/11), no Rio de Janeiro, o Internet Governance Forum 2007 (IGF), evento organizado pela Organiza&ccedil;&atilde;o das Na&ccedil;&otilde;es Unidas para debater os rumos da rede mundial de computadores. Na primeira edi&ccedil;&atilde;o do evento, realizada em Atenas em 2006, foram estabelecidos quatro temas a serem aprofundados na edi&ccedil;&atilde;o sediada pelo Brasil: acessibilidade, abertura, seguran&ccedil;a e diversidade.<\/p>\n<p><\/span><span>O primeiro dia do IGF, entretanto, evidenciou que parte substancial dos debates dever&aacute; se concentrar nos rumos da Icann (Internet Corporation for Assigned Names and Numbers), organiza&ccedil;&atilde;o respons&aacute;vel pela designa&ccedil;&atilde;o dos dom&iacute;nios e n&uacute;meros IPs da internet. Diversos pa&iacute;ses, entre eles o Brasil, s&atilde;o favor&aacute;veis a uma redu&ccedil;&atilde;o da rela&ccedil;&atilde;o pol&iacute;tica que a Icann atualmente possui com o Departamento de Com&eacute;rcio dos Estados Unidos. <\/p>\n<p><\/span><span>Antecipando-se &agrave;s cr&iacute;ticas, a Icann divulgou logo na abertura do evento um &ldquo;comunicado &agrave; imprensa&rdquo; no qual afirma que a organiza&ccedil;&atilde;o &ldquo;n&atilde;o controla a internet&rdquo;, prestando-se apenas a uma fun&ccedil;&atilde;o t&eacute;cnica limitada, e que o &oacute;rg&atilde;o n&atilde;o pode controlar ou tirar do ar conte&uacute;dos de determinados pa&iacute;ses. Em refer&ecirc;ncia direta ao envolvimento do &oacute;rg&atilde;o com o Departamento de Com&eacute;rcio dos EUA, a Icann afirma n&atilde;o receber ordens do &oacute;rg&atilde;o estadunidense, nem priorizar quest&otilde;es que possam interessar &agrave; economia norte-americana.<\/p>\n<p><\/span><span><strong>Diverg&ecirc;ncia central<\/p>\n<p><\/strong><\/span><span>O texto distribu&iacute;do pela Icann n&atilde;o deve alterar em nada opini&atilde;o de diversos pa&iacute;ses &ndash; como Brasil, Argentina, &Iacute;ndia e &Aacute;frica do Sul &ndash; cuja posi&ccedil;&atilde;o foi explicitada pelo ministro da Cultura brasileiro, Gilberto Gil, durante o debate de abertura do IGF. Em sua palestra, Gil defendeu que a ONU passe a fazer o gerenciamento mundial da internet.<\/p>\n<p><\/span><span>&Uacute;ltimo a discursar em uma sess&atilde;o que reuniu 16 representantes de diversos governos e executivos de grupos empresariais, Gil comparou a necessidade de uma nova governan&ccedil;a da internet com um ecossistema ecol&oacute;gico para exemplificar a riqueza proveniente da diversidade de manifesta&ccedil;&otilde;es culturais.<\/p>\n<p><\/span><span>&ldquo;A internet &eacute; transnacional. Precisamos de uma ecologia para a rede da mesma maneira que precisamos de uma ecologia para o planeta&rdquo;, afirmou o ministro, propondo ainda o desenvolvimento de um novo modelo com m&uacute;ltiplas participa&ccedil;&otilde;es no gerenciamento da internet que chamou de &ldquo;p&oacute;s-multistakeholder&rdquo;.;<br \/><\/span><span>&nbsp;<\/span><\/p>\n<p style=\"margin: 0cm 0cm 0pt\" class=\"MsoNormal\"><span>O encontro vai at&eacute; quinta-feira (15) e re&uacute;ne representantes dos governos, do setor privado e de organiza&ccedil;&otilde;es n&atilde;o-governamentais. <\/p>\n<p>Se<\/span><span>gundo Augusto C&eacute;sar Gadelha Vieira, secret&aacute;rio do Minist&eacute;rio de Ci&ecirc;ncia e Tecnologia e coordenador do Comit&ecirc; Gestor de Internet, &oacute;rg&atilde;o regulador da internet brasileira, nos pr&oacute;ximos dias o IGF dever&aacute; debater a melhor estrutura para um &oacute;rg&atilde;o que tem que gerenciar todos os recursos da rede da maneira mais ampla e popular poss&iacute;vel, preocupa&ccedil;&atilde;o que explica o nome do evento. <\/p>\n<p><\/span><span>&ldquo;A ONU reconhece que ela [a Icann] n&atilde;o &eacute; o &oacute;rg&atilde;o adequado para fazer isto. O governo dos Estados Unidos est&aacute; ciente desta solicita&ccedil;&atilde;o, mas afirmou que apenas far&aacute; desde que tenha garantia de estabilidade na rede&rdquo;, afirmou Gadelha ao Portal IDG Now!, que explica que tais mudan&ccedil;as poderiam ajudar a conferir estabilidade suficiente na rede para que o acordo com os EUA fosse rompido.<\/p>\n<p><\/span><\/p>\n<p style=\"margin: 0cm 0cm 0pt\" class=\"MsoNormal\"><span>Durante os pr&oacute;ximos quatro dias, tamb&eacute;m ser&atilde;o debatidos temas ligados &agrave; seguran&ccedil;a online, com destaque para as poss&iacute;veis medidas para combater a pedofilia. Al&eacute;m disso, ser&atilde;o discutidos temas relativos &agrave; diversidade cultural, &agrave; necessidade de ado&ccedil;&atilde;o de padr&otilde;es aberto e &agrave;s especifica&ccedil;&otilde;es que facilitem o acesso &agrave; internet por usu&aacute;rios com necessidades especiais.<\/p>\n<p><\/span><span><strong>Evento paralelo<\/p>\n<p><\/strong><\/span><span>O Minist&eacute;rio da Cultura promover&aacute; um evento paralelo ao IGF no Circo Voador, nos dias 12, 13 e 14 de novembro. A inten&ccedil;&atilde;o &eacute; repercutir e ampliar as discuss&otilde;es do F&oacute;rum com a popula&ccedil;&atilde;o, particularmente com os Pontos de Cultura no Brasil todo. Para isso, ser&atilde;o projetados no tel&atilde;o do Circo os debates oficiais. Em seguida, haver&aacute; debates com o p&uacute;blico.<\/span><\/p>\n<p><span><\/p>\n<p style=\"margin: 0cm 0cm 0pt\" class=\"MsoNormal\">A programa&ccedil;&atilde;o do evento paralelo est&aacute; dispon&iacute;vel em<\/p>\n<p style=\"margin: 0cm 0cm 0pt\" class=\"MsoNormal\"><a href=\"http:\/\/governanca.cgi.br\/noticias\/programacao-igf-circo-voador\">http:\/\/governanca.cgi.br\/noticias\/programacao-igf-circo-voador<\/a><\/p>\n<p><em>* Com informa&ccedil;&otilde;es do IDG Now! e da Ag&ecirc;ncia Brasil.<\/em><\/p>\n<p><\/span><\/p>\n<p style=\"margin: 0cm 0cm 0pt\" class=\"MsoNormal\"><span><a href=\"http:\/\/governanca.cgi.br\/noticias\/programacao-igf-circo-voador\"><\/a><\/span><\/p>\n<p style=\"margin: 0cm 0cm 0pt\" class=\"MsoNormal\">&nbsp;<\/p>\n","protected":false},"excerpt":{"rendered":"<p>Proposta apresentada pelo Brasil na abertura do Internet Governance Forum quer retirar da Icann &#8211; organiza\u00e7\u00e3o ligada ao Departamento de Com\u00e9rcio dos EUA &#8211; a gest\u00e3o dos dom\u00ednios e dos n\u00fameros da Internet.<\/p>\n","protected":false},"author":1,"featured_media":0,"comment_status":"open","ping_status":"open","sticky":false,"template":"","format":"standard","meta":{"footnotes":""},"categories":[40],"tags":[529],"_links":{"self":[{"href":"https:\/\/obscom.intervozes.org.br\/index.php?rest_route=\/wp\/v2\/posts\/19754"}],"collection":[{"href":"https:\/\/obscom.intervozes.org.br\/index.php?rest_route=\/wp\/v2\/posts"}],"about":[{"href":"https:\/\/obscom.intervozes.org.br\/index.php?rest_route=\/wp\/v2\/types\/post"}],"author":[{"embeddable":true,"href":"https:\/\/obscom.intervozes.org.br\/index.php?rest_route=\/wp\/v2\/users\/1"}],"replies":[{"embeddable":true,"href":"https:\/\/obscom.intervozes.org.br\/index.php?rest_route=%2Fwp%2Fv2%2Fcomments&post=19754"}],"version-history":[{"count":0,"href":"https:\/\/obscom.intervozes.org.br\/index.php?rest_route=\/wp\/v2\/posts\/19754\/revisions"}],"wp:attachment":[{"href":"https:\/\/obscom.intervozes.org.br\/index.php?rest_route=%2Fwp%2Fv2%2Fmedia&parent=19754"}],"wp:term":[{"taxonomy":"category","embeddable":true,"href":"https:\/\/obscom.intervozes.org.br\/index.php?rest_route=%2Fwp%2Fv2%2Fcategories&post=19754"},{"taxonomy":"post_tag","embeddable":true,"href":"https:\/\/obscom.intervozes.org.br\/index.php?rest_route=%2Fwp%2Fv2%2Ftags&post=19754"}],"curies":[{"name":"wp","href":"https:\/\/api.w.org\/{rel}","templated":true}]}}