{"id":19750,"date":"2007-11-12T17:22:37","date_gmt":"2007-11-12T17:22:37","guid":{"rendered":"https:\/\/obscom.intervozes.org.br\/wordpress\/?p=19750"},"modified":"2007-11-12T17:22:37","modified_gmt":"2007-11-12T17:22:37","slug":"subcomissao-do-senado-realiza-audiencia-publica-sobre-direitos-autorais","status":"publish","type":"post","link":"https:\/\/obscom.intervozes.org.br\/?p=19750","title":{"rendered":"Subcomiss\u00e3o do Senado realiza audi\u00eancia p\u00fablica sobre direitos autorais"},"content":{"rendered":"<p>A Subcomiss&atilde;o Permanente de Cinema, Teatro, M&uacute;sica e Comunica&ccedil;&atilde;o Social, vinculada &agrave; Comiss&atilde;o de Educa&ccedil;&atilde;o (CE) , realiza na ter&ccedil;a-feira (13), &agrave;s 10h, audi&ecirc;ncia p&uacute;blica para debater os direitos autorais nas &aacute;reas de cinema e m&uacute;sica, assim como o papel desempenhado pelo Escrit&oacute;rio Central de Arrecada&ccedil;&atilde;o e Distribui&ccedil;&atilde;o (Ecad). O requerimento para realiza&ccedil;&atilde;o da audi&ecirc;ncia foi apresentado pelos senadores Raimundo Colombo (DEM-SC), Fl&aacute;vio Arns (PT-PR) e Flexa Ribeiro (PSDB-PA). <\/p>\n<p>Os convidados para a audi&ecirc;ncia s&atilde;o: Gl&oacute;ria Cristina Braga, superintendente-executiva do Ecad; Nehemias Gueiros J&uacute;nior, representante do escrit&oacute;rio de advocacia Nelson Schver Advogados; Maria Cec&iacute;lia Garreta Prats, diretora da Associa&ccedil;&atilde;o Brasileira de Direito Autoral; e Ricardo Difini Leite, presidente da Federa&ccedil;&atilde;o Nacional das Empresas Exibidoras Cinematogr&aacute;ficas.<\/p>\n","protected":false},"excerpt":{"rendered":"<p>A Subcomiss&atilde;o Permanente de Cinema, Teatro, M&uacute;sica e Comunica&ccedil;&atilde;o Social, vinculada &agrave; Comiss&atilde;o de Educa&ccedil;&atilde;o (CE) , realiza na ter&ccedil;a-feira (13), &agrave;s 10h, audi&ecirc;ncia p&uacute;blica para debater os direitos autorais nas &aacute;reas de cinema e m&uacute;sica, assim como o papel desempenhado pelo Escrit&oacute;rio Central de Arrecada&ccedil;&atilde;o e Distribui&ccedil;&atilde;o (Ecad). O requerimento para realiza&ccedil;&atilde;o da audi&ecirc;ncia &hellip; <a href=\"https:\/\/obscom.intervozes.org.br\/?p=19750\" class=\"more-link\">Continue lendo <span class=\"screen-reader-text\">Subcomiss\u00e3o do Senado realiza audi\u00eancia p\u00fablica sobre direitos autorais<\/span> <span class=\"meta-nav\">&rarr;<\/span><\/a><\/p>\n","protected":false},"author":1,"featured_media":0,"comment_status":"open","ping_status":"open","sticky":false,"template":"","format":"standard","meta":{"footnotes":""},"categories":[39],"tags":[],"_links":{"self":[{"href":"https:\/\/obscom.intervozes.org.br\/index.php?rest_route=\/wp\/v2\/posts\/19750"}],"collection":[{"href":"https:\/\/obscom.intervozes.org.br\/index.php?rest_route=\/wp\/v2\/posts"}],"about":[{"href":"https:\/\/obscom.intervozes.org.br\/index.php?rest_route=\/wp\/v2\/types\/post"}],"author":[{"embeddable":true,"href":"https:\/\/obscom.intervozes.org.br\/index.php?rest_route=\/wp\/v2\/users\/1"}],"replies":[{"embeddable":true,"href":"https:\/\/obscom.intervozes.org.br\/index.php?rest_route=%2Fwp%2Fv2%2Fcomments&post=19750"}],"version-history":[{"count":0,"href":"https:\/\/obscom.intervozes.org.br\/index.php?rest_route=\/wp\/v2\/posts\/19750\/revisions"}],"wp:attachment":[{"href":"https:\/\/obscom.intervozes.org.br\/index.php?rest_route=%2Fwp%2Fv2%2Fmedia&parent=19750"}],"wp:term":[{"taxonomy":"category","embeddable":true,"href":"https:\/\/obscom.intervozes.org.br\/index.php?rest_route=%2Fwp%2Fv2%2Fcategories&post=19750"},{"taxonomy":"post_tag","embeddable":true,"href":"https:\/\/obscom.intervozes.org.br\/index.php?rest_route=%2Fwp%2Fv2%2Ftags&post=19750"}],"curies":[{"name":"wp","href":"https:\/\/api.w.org\/{rel}","templated":true}]}}