{"id":19742,"date":"2007-11-09T21:50:15","date_gmt":"2007-11-09T21:50:15","guid":{"rendered":"https:\/\/obscom.intervozes.org.br\/wordpress\/?p=19742"},"modified":"2007-11-09T21:50:15","modified_gmt":"2007-11-09T21:50:15","slug":"lancamento-do-satelite-c1-e-adiado","status":"publish","type":"post","link":"https:\/\/obscom.intervozes.org.br\/?p=19742","title":{"rendered":"Lan\u00e7amento do Sat\u00e9lite C1 \u00e9 adiado"},"content":{"rendered":"<p class=\"titnews\">O lan&ccedil;amento do novo sat&eacute;lite da Embratel, o C1, que aconteceria na noite desta sexta-feira, 9, a partir da base de Kourou, na Guiana Francesa, foi adiado. O motivo, segundo fonte da Ariane Space, empresa respons&aacute;vel pelo lan&ccedil;amento, foi o disparo de um alarme relativo a uma pe&ccedil;a do foguete lan&ccedil;ador, o Ariane 5. &ldquo;N&atilde;o sabemos ainda se o problema &eacute; mesmo na pe&ccedil;a ou no sinal do alarme. Estamos fazendo uma verifica&ccedil;&atilde;o minuciosa&rdquo;, afirmou a fonte. Segundo ela, o lan&ccedil;amento talvez aconte&ccedil;a na pr&oacute;xima segunda-feira, dia 12.<\/p>\n<p>Este seria o 35&ordm; v&ocirc;o do Ariane 5. Al&eacute;m do C1, ele est&aacute; programado para levar outro sat&eacute;lite, o Skynet 5B, do minist&eacute;rio da defesa do Reino Unido. O Ariane 5 at&eacute; hoje teve apenas tr&ecirc;s fracassos: no seu primeiro, no d&eacute;cimo e no d&eacute;cimo s&eacute;timo lan&ccedil;amentos. Segundo especialistas do setor, &eacute; comum os foguetes terem alguns problemas em seus primeiros lan&ccedil;amentos. Seu foguete antecessor, o Ariane 4, depois de alguns poucos fracassos, realizou mais de 75 v&ocirc;os consecutivos de sucesso.<\/p>\n<p>A Star One investiu R$ 1 bilh&atilde;o no C1 e no C2 que ser&aacute; lan&ccedil;ado em fevereiro. O equipamento ir&aacute; substituir o sat&eacute;lite B2 na posi&ccedil;&atilde;o 65&ordm; Oeste. O C1 tem 28 transponders em banda C, muito utilizada para transmiss&atilde;o de v&iacute;deo; 16 em banda Ku, usada principalmente para DTH e para banda larga via sat&eacute;lite; e um em banda X. <\/p>\n<p>As informa&ccedil;&otilde;es s&atilde;o de <span class=\"assinatura\">Fernando Paiva, da Tela Viva News.<\/span><\/p>\n","protected":false},"excerpt":{"rendered":"<p>O lan&ccedil;amento do novo sat&eacute;lite da Embratel, o C1, que aconteceria na noite desta sexta-feira, 9, a partir da base de Kourou, na Guiana Francesa, foi adiado. O motivo, segundo fonte da Ariane Space, empresa respons&aacute;vel pelo lan&ccedil;amento, foi o disparo de um alarme relativo a uma pe&ccedil;a do foguete lan&ccedil;ador, o Ariane 5. &ldquo;N&atilde;o &hellip; <a href=\"https:\/\/obscom.intervozes.org.br\/?p=19742\" class=\"more-link\">Continue lendo <span class=\"screen-reader-text\">Lan\u00e7amento do Sat\u00e9lite C1 \u00e9 adiado<\/span> <span class=\"meta-nav\">&rarr;<\/span><\/a><\/p>\n","protected":false},"author":1,"featured_media":0,"comment_status":"open","ping_status":"open","sticky":false,"template":"","format":"standard","meta":{"footnotes":""},"categories":[39],"tags":[],"_links":{"self":[{"href":"https:\/\/obscom.intervozes.org.br\/index.php?rest_route=\/wp\/v2\/posts\/19742"}],"collection":[{"href":"https:\/\/obscom.intervozes.org.br\/index.php?rest_route=\/wp\/v2\/posts"}],"about":[{"href":"https:\/\/obscom.intervozes.org.br\/index.php?rest_route=\/wp\/v2\/types\/post"}],"author":[{"embeddable":true,"href":"https:\/\/obscom.intervozes.org.br\/index.php?rest_route=\/wp\/v2\/users\/1"}],"replies":[{"embeddable":true,"href":"https:\/\/obscom.intervozes.org.br\/index.php?rest_route=%2Fwp%2Fv2%2Fcomments&post=19742"}],"version-history":[{"count":0,"href":"https:\/\/obscom.intervozes.org.br\/index.php?rest_route=\/wp\/v2\/posts\/19742\/revisions"}],"wp:attachment":[{"href":"https:\/\/obscom.intervozes.org.br\/index.php?rest_route=%2Fwp%2Fv2%2Fmedia&parent=19742"}],"wp:term":[{"taxonomy":"category","embeddable":true,"href":"https:\/\/obscom.intervozes.org.br\/index.php?rest_route=%2Fwp%2Fv2%2Fcategories&post=19742"},{"taxonomy":"post_tag","embeddable":true,"href":"https:\/\/obscom.intervozes.org.br\/index.php?rest_route=%2Fwp%2Fv2%2Ftags&post=19742"}],"curies":[{"name":"wp","href":"https:\/\/api.w.org\/{rel}","templated":true}]}}