{"id":19737,"date":"2007-11-09T17:54:46","date_gmt":"2007-11-09T17:54:46","guid":{"rendered":"https:\/\/obscom.intervozes.org.br\/wordpress\/?p=19737"},"modified":"2007-11-09T17:54:46","modified_gmt":"2007-11-09T17:54:46","slug":"comeca-instalacao-de-pontos-de-internet-em-comunidades-tradicionais-do-acre","status":"publish","type":"post","link":"https:\/\/obscom.intervozes.org.br\/?p=19737","title":{"rendered":"Come\u00e7a instala\u00e7\u00e3o de pontos de internet em comunidades tradicionais do Acre"},"content":{"rendered":"<p>Ser&atilde;o implantados ao longo deste m&ecirc;s, no Acre, os primeiros 11 pontos de conex&atilde;o da Rede de Monitoramento, Vigil&acirc;ncia e Educa&ccedil;&atilde;o Ambiental de Comunidades Tradicionais e Ind&iacute;genas e de &Aacute;reas Protegidas. Trata-se de uma malha digital que levar&aacute; sinais de sat&eacute;lite, internet, educa&ccedil;&atilde;o ambiental e um card&aacute;pio de servi&ccedil;os p&uacute;blicos online a popula&ccedil;&otilde;es tradicionais e ind&iacute;genas que vivem em Unidades de Conserva&ccedil;&atilde;o de 13 estados brasileiros. Cerca de 200 outros pontos cadastrados aguardam implanta&ccedil;&atilde;o.`<\/p>\n<p>A iniciativa &eacute; fruto de um acordo entre os minist&eacute;rios do Meio Ambiente e das Comunica&ccedil;&otilde;es e a Rede Povos da Floresta &#8211; grupo que remonta &agrave; Alian&ccedil;a dos Povos da Floresta, de Chico Mendes. O acordo de coopera&ccedil;&atilde;o t&eacute;cnica em que se baseia o projeto de inclus&atilde;o digital foi firmado em mar&ccedil;o deste ano, no &acirc;mbito do programa Governo Eletr&ocirc;nico Federal de Atendimento ao Cidad&atilde;o (Gesac), entre os dois minist&eacute;rios e a Associa&ccedil;&atilde;o de Cultura e Meio Ambiente (RJ), representante da Rede Povos da Floresta. O principal objetivo do projeto de inclus&atilde;o digital &eacute; fortalecer o papel das comunidades tradicionais e dos povos ind&iacute;genas na gest&atilde;o ambiental de &aacute;reas protegidas e seus entornos, valendo-se de monitoramento, vigil&acirc;ncia e educa&ccedil;&atilde;o ambiental &#8211; sempre de forma articulada com suas pr&oacute;prias pol&iacute;ticas culturais e educativas e suas agendas de promo&ccedil;&atilde;o da sustentabilidade. O apoio do MMA ao projeto se d&aacute; por meio de seu Departamento de Educa&ccedil;&atilde;o Ambiental.<\/p>\n<p>Esses primeiros pontos da malha &#8211; tamb&eacute;m conhecida como Rede Povos da Floresta &#8211; ser&atilde;o inaugurados ao longo do m&ecirc;s na Reserva Extrativista Alto Juru&aacute; (sete); nas Terras Ind&iacute;genas Kaxinaw&aacute; do Rio Breu, Ashaninka do Rio Am&ocirc;nea e Apolima Arara (tr&ecirc;s); e na escola Ayoninka Antami, na sede do munic&iacute;pio Marechal Thaumathurgo (um). A iniciativa inclui tr&ecirc;s tipos de pontos, articulados em p&oacute;los regionais ou territoriais: n&uacute;cleos comunit&aacute;rios, em s&iacute;tios de comunidades tradicionais ou ind&iacute;genas; centros de forma&ccedil;&atilde;o e articula&ccedil;&atilde;o, em &aacute;reas urbanas estrat&eacute;gicas para acesso &agrave;s comunidades tradicionais, ind&iacute;genas e &aacute;reas protegidas; e pontos de monitoramento remoto, n&atilde;o-comunit&aacute;rios.<\/p>\n","protected":false},"excerpt":{"rendered":"<p>Ser&atilde;o implantados ao longo deste m&ecirc;s, no Acre, os primeiros 11 pontos de conex&atilde;o da Rede de Monitoramento, Vigil&acirc;ncia e Educa&ccedil;&atilde;o Ambiental de Comunidades Tradicionais e Ind&iacute;genas e de &Aacute;reas Protegidas. Trata-se de uma malha digital que levar&aacute; sinais de sat&eacute;lite, internet, educa&ccedil;&atilde;o ambiental e um card&aacute;pio de servi&ccedil;os p&uacute;blicos online a popula&ccedil;&otilde;es tradicionais e &hellip; <a href=\"https:\/\/obscom.intervozes.org.br\/?p=19737\" class=\"more-link\">Continue lendo <span class=\"screen-reader-text\">Come\u00e7a instala\u00e7\u00e3o de pontos de internet em comunidades tradicionais do Acre<\/span> <span class=\"meta-nav\">&rarr;<\/span><\/a><\/p>\n","protected":false},"author":1,"featured_media":0,"comment_status":"open","ping_status":"open","sticky":false,"template":"","format":"standard","meta":{"footnotes":""},"categories":[40],"tags":[178],"_links":{"self":[{"href":"https:\/\/obscom.intervozes.org.br\/index.php?rest_route=\/wp\/v2\/posts\/19737"}],"collection":[{"href":"https:\/\/obscom.intervozes.org.br\/index.php?rest_route=\/wp\/v2\/posts"}],"about":[{"href":"https:\/\/obscom.intervozes.org.br\/index.php?rest_route=\/wp\/v2\/types\/post"}],"author":[{"embeddable":true,"href":"https:\/\/obscom.intervozes.org.br\/index.php?rest_route=\/wp\/v2\/users\/1"}],"replies":[{"embeddable":true,"href":"https:\/\/obscom.intervozes.org.br\/index.php?rest_route=%2Fwp%2Fv2%2Fcomments&post=19737"}],"version-history":[{"count":0,"href":"https:\/\/obscom.intervozes.org.br\/index.php?rest_route=\/wp\/v2\/posts\/19737\/revisions"}],"wp:attachment":[{"href":"https:\/\/obscom.intervozes.org.br\/index.php?rest_route=%2Fwp%2Fv2%2Fmedia&parent=19737"}],"wp:term":[{"taxonomy":"category","embeddable":true,"href":"https:\/\/obscom.intervozes.org.br\/index.php?rest_route=%2Fwp%2Fv2%2Fcategories&post=19737"},{"taxonomy":"post_tag","embeddable":true,"href":"https:\/\/obscom.intervozes.org.br\/index.php?rest_route=%2Fwp%2Fv2%2Ftags&post=19737"}],"curies":[{"name":"wp","href":"https:\/\/api.w.org\/{rel}","templated":true}]}}