{"id":19728,"date":"2007-11-09T15:05:32","date_gmt":"2007-11-09T15:05:32","guid":{"rendered":"https:\/\/obscom.intervozes.org.br\/wordpress\/?p=19728"},"modified":"2016-06-01T17:48:56","modified_gmt":"2016-06-01T17:48:56","slug":"conselho-de-optometria-protesta-contra-cena-de-novela-da-globo","status":"publish","type":"post","link":"https:\/\/obscom.intervozes.org.br\/?p=19728","title":{"rendered":"Conselho de Optometria protesta contra cena de novela da Globo"},"content":{"rendered":"<p>O presidente de honra e o presidente eleito do Conselho Regional de \u00d3ptica e Optometria do RJ\u00a0 encaminharam ao Observat\u00f3rio um protesto contra a novela &#8220;Duas Caras&#8221; (Rede Globo), que, segundo Dias &#8220;tentou desmoralizar a profiss\u00e3o&#8221;.<\/p>\n<p>Segundo Dias, &#8220;O autor [<em>da novela<\/em>] prestou-se lamentavelmente a usar seu meio de comunica\u00e7\u00e3o para uma a\u00e7\u00e3o corporativista dos oftalmologistas que procuram combater esta nova profiss\u00e3o no Brasil. A Optometria \u00e9 adotada por 130 pa\u00edses. Os Estados Unidos t\u00eam 30 mil respons\u00e1veis por 70% dos exames de vista. Na Inglaterra 90% dos exames s\u00e3o feitos por Optometristas. Espanha tem 8 mil Optometristas e 4 mil oftalmologistas. Os oftalmologistas querem impedir a atua\u00e7\u00e3o dos cerca de 500 Optometristas brasileiros de ampla forma\u00e7\u00e3o superior nas j\u00e1 quatro Unversidades brasileiras. Atendem \u00e0s classes ricas e m\u00e9dia, cobrando alto pre\u00e7o pelas consultas, deixando as de menor renda sem atendimento. 70 milh\u00f5es de brasileiros n\u00e3o enxergam bem (n\u00e3o s\u00e3o doen\u00e7as)&#8221;.<\/p>\n<p>Ap\u00f3s a den\u00fancia, Dias faz um apelo ao Sr. Carlos Henrique Shroeder (diretor da emissora) que abra espa\u00e7o para esclarecimento da popula\u00e7\u00e3o do que significa a Optometria.<\/p>\n<p>Conselho Regional de \u00d3ptica e Optometria do RJ: Ney Dias (presidente de honra): neydias.rj@infolinklcom.br e Gilberto Brito (presidente eleito): gilbertoptom@gmail.com<\/p>\n<p><u>Abaixo, a carta do presidente Gilberto Brito encaminhada \u00e0 emissora.<\/u><\/p>\n<p>Amigo Aguinaldo Silva e leitores do seu blog, perdoem a falta de informa\u00e7\u00e3o (intencional ou n\u00e3o) do m\u00e9dico oftalmologista Sr. Carlos Brito Jr., na verdade ele como todos que s\u00e3o contra a Optometria (\u00e9 assim que se escreve, com letra mai\u00fascula mesmo, por se tratar de uma ci\u00eancia)\u00a0 profiss\u00e3o originariamente do optometrista, pois, emana da ci\u00eancia \u00d3ptica (n\u00e3o confundir com loja de \u00f3tica).<\/p>\n<p>Diferentemente do resto do mundo (onde o optometrista \u00e9 plenamente reconhecido) a classe m\u00e9dica brasileira tenta a todo custo sem \u00eaxito barrar as outras profiss\u00f5es liberais de n\u00edvel superior ligadas \u00e0 sa\u00fade, como ocorrem com os fonoaudi\u00f3logos, fisioterapeutas, enfermeiros, acumputuristas, psic\u00f3logos, e tantas outras (como provam o PL do ato m\u00e9dico que est\u00e1 tramitando na C\u00e2mara Federal dos Deputados e o hoje obsoletos decretos de 1932 e 1934 de Vargas na \u00e9poca da ditadura).<\/p>\n<p>S\u00f3 que o povo n\u00e3o \u00e9 burro nem se pode engan\u00e1-lo o tempo todo, neste sentido, vale salientar que os dentistas brasileiros n\u00e3o s\u00e3o m\u00e9dicos e no entanto s\u00e3o uma refer\u00eancia internacional por serem especialistas a ponto do governo de Portugal tentar impedir seu trabalho porque o povo portugu\u00eas s\u00f3 queria ser atendido por eles em detrimento do dentista m\u00e9dico portugu\u00eas.<\/p>\n<p>J\u00e1 quanto a prescri\u00e7\u00e3o e venda de \u00f3culos, lentes de contato ou outro tipo de corre\u00e7\u00e3o visual pelos optometristas \u00e9 e deve ser encarado como \u201cinsumo\u201d, assim como quando qualquer m\u00e9dico faz uma cirurgia de catarata num cidad\u00e3o e coloca uma LIO (lente intra-ocular), ou instala um marca-passo no cora\u00e7\u00e3o, uma pr\u00f3tese femoral uma dentadura e vai por a\u00ed. Entretanto, no atendimento do optometrista na \u00f3ptica h\u00e1 um diferencial, pois, o atendimento \u00e9 muito mais econ\u00f4mico, preciso e r\u00e1pido porque somos mais preparados para este fim (especializados tal qual um dentista), al\u00e9m disso o paciente ao efetuar o pagamento recebe uma nota fiscal que lhe d\u00e1 garantias estipuladas na lei de Direitos do Consumidor, agora pe\u00e7a a nota fiscal a um m\u00e9dico de uma LIO, pr\u00f3tese ortop\u00e9dica ou marca-passo ou ainda de uma dentadura para ver se eles te d\u00e3o, na verdade na maioria nem possuem nota fiscal ou CNPJ, denotando a\u00ed uma grande evas\u00e3o de renda ao fisco.<\/p>\n<p>J\u00e1 quanto \u00e0s inf\u00e2mias ditas por este senhor quanto \u00e0 legalidade da profiss\u00e3o de optometrista e aos nossos Conselhos Regionais, nota-se que<br \/>\nele est\u00e1 totalmente perdido, mal informado ou ent\u00e3o em total desespero, pois, seu pr\u00f3prio CONSELHO BRASILEIRO DE OFTALMOLOGIA TAMB\u00c9M N\u00c3O \u00c9 AUTARQUIA (situa\u00e7\u00e3o id\u00eantica aos Conselhos Regionais de \u00d3ptica e Optometria) e em todas suas investidas judiciais aproveitando-se do desconhecimento de alguns magistrados sobre a nossa profiss\u00e3o, iniciam uma a\u00e7\u00e3o e esbo\u00e7am uma pris\u00e3o e apreens\u00e3o de nossos equipamentos mas logo depois perdem para a verdade das leis e as decis\u00f5es judiciais que nos amparam como segue (dispon\u00edveis na Internet a qualquer cidad\u00e3o):<\/p>\n<p>Leis:<br \/>\n1) Constitui\u00e7\u00e3o da Rep\u00fablica Federativa do Brasil de 1988, Capitulo dos Direitos Individuais, Art. 5\u00b0 inciso XIII.<br \/>\n2) Curso reconhecido pelo MEC de acordo com a Lei Federal das Diretrizes de Base do Ensino n\u00b0 9394\/96<br \/>\n3) Dec. Federal 2208\/97 \u2013 Conselho Nacional da Educa\u00e7\u00e3o \/ CEB 4\/99.<br \/>\n4) Respaldado e reconhecido pela Classifica\u00e7\u00e3o Brasileira de Ocupa\u00e7\u00f5es do MTE-CBO fam\u00edlia n\u00ba 3223-10 \u00d3ptico-optometrista.<br \/>\n5) ANVISA PARECER CONS. N\u00ba 127\/06-PROC \/ ANVISA\/ Minist\u00e9rio da Sa\u00fade.<br \/>\n6) CLASSIFICA\u00c7\u00c3O FISCAL &#8211; IBGE \u2013 CONCLA \u2013 CNAE FISCAL &#8211; 8650-0\/99 &#8211; \u00a0\u2013 Servi\u00e7os de Optometria &#8211;<br \/>\nDecis\u00f5es judiciais:<br \/>\n1) Decis\u00e3o do Superior Tribunal de Justi\u00e7a \u2013 Ac\u00f3rd\u00e3o \u2013 N\u00b0 9.469 \u2013 DF (2003\/0235523-8).<br \/>\n2) Decis\u00e3o do SUPREMO TRIBUNAL FEDERAL \u2013 Ac\u00f3rd\u00e3o \u2013 N\u00b0 26.199-8 de 27\/03\/2007.<\/p>\n<p>Continuando agora sobre sua fala que o m\u00e9dico oftalmologista est\u00e1 mais preparado, n\u00e3o \u00e9 verdade, pois, a resid\u00eancia m\u00e9dica em Oftalmologia antes era apenas 2 anos e os oftalmologistas estudavam apenas 24 horas em Optometria (conforme grade curricular em Dezembro de 2005 da UFM- MG.), somente agora \u00e9 que a resid\u00eancia aumentou em mais um ano para que os residentes em Oftalmologia aprendessem a Optometria, assim mesmo \u00e9 muito pouco se comparado as 1.860 horas de um optometrista. Quanto ao diagn\u00f3stico de patologias oculares (glaucoma, etc.) e sist\u00eamicas (diabetes, hipertens\u00e3o arterial, etc.) que o senhor alega que o optometrista n\u00e3o consegue diagnosticar, TAMB\u00c9M N\u00c3O \u00c9 VERDADE j\u00e1 que o optometrista n\u00e3o faz procedimentos invasivos, nem cirurgias e muito menos prescreve medicamentos e ainda assim nossa grade curricular nos contempla com 540 horas somente para identificar as patologias.<\/p>\n<p>Ali\u00e1s, voc\u00eas oftalmologistas s\u00e3o t\u00e3o bons que eu h\u00e1 18 anos atr\u00e1s tinha uma hipermetropia de +1,50 esf\u00e9rico em AO e um oftalmologista hoje o mais famoso do Rio de Janeiro em cirurgias refrativas me operou naquela \u00e9poca ambos olhos simultaneamente (na mesma visita ao seu consult\u00f3rio para cirurgia, pr\u00e1tica proibida) com bisturi de diamante e me provocou um aleij\u00e3o (seq\u00fcela) de OD: +5,50 -0,50 X 45 e OE: +5,50 -7,75 X 150 (\u00e9 pena que somente quem \u00e9 do ramo que sabe a extens\u00e3o da les\u00e3o, mas, para quem n\u00e3o sabe posso afirmar que \u00e9 grav\u00edssima).<\/p>\n<p>Segundo o IBGE, o Brasil possui 1.173.655 crian\u00e7as de 0 a 14 anos cegas de um ou ambos olhos ou ainda com alguma defici\u00eancia permanente de enxergar e a cada ano s\u00e3o 93.000 que j\u00e1 possuem estes problemas pelo fator da\u00a0 \u201cdomin\u00e2ncia\u201d, o senhor sabe perfeitamente que tudo isto poderia ser evitado com um simples exame prim\u00e1rio da acuidade visual feito por optometristas como assim \u00e9 no mundo todo.<br \/>\nNo entanto o senhor fica ai maquiando a tentativa insana de reserva de mercado, sob alega\u00e7\u00e3o de \u00e9tica e seguran\u00e7a como vimos infundadas, ora bolas fa\u00e7a-me o favor!<\/p>\n<p>Para finalizar meu caro senhor Carlos Brito, VSa. precisa se informar mais e mentir menos, pois como j\u00e1 lhe disse: \u201cO povo brasileiro n\u00e3o \u00e9 burro e n\u00e3o ser\u00e1 o senhor ou quem quer que seja que vai tentar engan\u00e1-lo os fatos e a verdade est\u00e3o a\u00ed para qualquer um ver\u201d.<\/p>\n<p>Dr. Gilberto J. M. de Brito \u2013 Optometrista.<\/p>\n","protected":false},"excerpt":{"rendered":"<p>O presidente de honra e o presidente eleito do Conselho Regional de \u00d3ptica e Optometria do RJ  encaminharam ao Observat\u00f3rio um protesto contra a novela &#8220;Duas Caras&#8221; (Rede Globo), que, segundo Dias &#8220;tentou desmoralizar a profiss\u00e3o&#8221;.<\/p>\n","protected":false},"author":1,"featured_media":0,"comment_status":"open","ping_status":"open","sticky":false,"template":"","format":"standard","meta":{"footnotes":""},"categories":[40],"tags":[527],"_links":{"self":[{"href":"https:\/\/obscom.intervozes.org.br\/index.php?rest_route=\/wp\/v2\/posts\/19728"}],"collection":[{"href":"https:\/\/obscom.intervozes.org.br\/index.php?rest_route=\/wp\/v2\/posts"}],"about":[{"href":"https:\/\/obscom.intervozes.org.br\/index.php?rest_route=\/wp\/v2\/types\/post"}],"author":[{"embeddable":true,"href":"https:\/\/obscom.intervozes.org.br\/index.php?rest_route=\/wp\/v2\/users\/1"}],"replies":[{"embeddable":true,"href":"https:\/\/obscom.intervozes.org.br\/index.php?rest_route=%2Fwp%2Fv2%2Fcomments&post=19728"}],"version-history":[{"count":1,"href":"https:\/\/obscom.intervozes.org.br\/index.php?rest_route=\/wp\/v2\/posts\/19728\/revisions"}],"predecessor-version":[{"id":29414,"href":"https:\/\/obscom.intervozes.org.br\/index.php?rest_route=\/wp\/v2\/posts\/19728\/revisions\/29414"}],"wp:attachment":[{"href":"https:\/\/obscom.intervozes.org.br\/index.php?rest_route=%2Fwp%2Fv2%2Fmedia&parent=19728"}],"wp:term":[{"taxonomy":"category","embeddable":true,"href":"https:\/\/obscom.intervozes.org.br\/index.php?rest_route=%2Fwp%2Fv2%2Fcategories&post=19728"},{"taxonomy":"post_tag","embeddable":true,"href":"https:\/\/obscom.intervozes.org.br\/index.php?rest_route=%2Fwp%2Fv2%2Ftags&post=19728"}],"curies":[{"name":"wp","href":"https:\/\/api.w.org\/{rel}","templated":true}]}}