{"id":19719,"date":"2007-11-09T11:26:41","date_gmt":"2007-11-09T11:26:41","guid":{"rendered":"https:\/\/obscom.intervozes.org.br\/wordpress\/?p=19719"},"modified":"2007-11-09T11:26:41","modified_gmt":"2007-11-09T11:26:41","slug":"revista-istoe-nao-tera-que-indenizar-fernando-collor","status":"publish","type":"post","link":"https:\/\/obscom.intervozes.org.br\/?p=19719","title":{"rendered":"Revista Isto\u00c9 n\u00e3o ter\u00e1 que indenizar Fernando Collor"},"content":{"rendered":"<p>Em decis&atilde;o da ju&iacute;za Adriana Costa dos Santos, da 19&ordf; Vara C&iacute;vel do Rio de Janeiro, o&nbsp;senador e ex-presidente Fernando Collor (PTB-AL) n&atilde;o dever&aacute; ser indenizado pela Editora Tr&ecirc;s, que edita a revista Isto&Eacute;, por danos morais. <\/p>\n<p>Segundo a acusa&ccedil;&atilde;o, Collor teria reclamado de uma entrevista publicada pela revista com o m&eacute;dico Jo&atilde;o Augusto Figueir&oacute; que fazia men&ccedil;&atilde;o a ele.&nbsp;Sob o t&iacute;utlo&nbsp;&quot;Uma vez corrupto, sempre corrupto&quot;, a&nbsp;entrevista tratava do psiquismo, caracter&iacute;sticas de personalidade e padr&otilde;es de funcionamento mental de pessoas com nomes envolvidos em den&uacute;ncias de corrup&ccedil;&atilde;o<\/p>\n<p>Collor considerou que teve sua honra e imagem prejudicadas porque foi agredido com cal&uacute;nias, difama&ccedil;&otilde;es e inj&uacute;rias. O senador afirmou ainda que, enquanto foi presidente da Rep&uacute;blica, sofreu grande devassa em sua vida. Al&eacute;m da editora, tamb&eacute;m foram acionados o editor Domingo Alzugaray e o m&eacute;dico entrevistado.<\/p>\n<p>Em sua defesa, a Editora Tr&ecirc;s, Figueir&oacute; e Alzugaray argumentam que &eacute; inerente a toda pessoa p&uacute;blica ter seus atos avaliados, o que n&atilde;o justificaria a necessidade de indeniza&ccedil;&atilde;o. Ambos teriam afirmado ainda que a reportagem n&atilde;o classifica o ex-presidente como corrupto, mas somente conta que ele teve o nome associado a den&uacute;ncias de corrup&ccedil;&atilde;o.<\/p>\n<p>Segundo informa&ccedil;&otilde;es do site Consultor Jur&iacute;dico, a&nbsp;ju&iacute;za julgou improcedente a a&ccedil;&atilde;o de Collor com base no direito de livre manifesta&ccedil;&atilde;o e informa&ccedil;&atilde;o dos meios de comunica&ccedil;&atilde;o. Cabe recurso.<\/p>\n","protected":false},"excerpt":{"rendered":"<p>Em decis&atilde;o da ju&iacute;za Adriana Costa dos Santos, da 19&ordf; Vara C&iacute;vel do Rio de Janeiro, o&nbsp;senador e ex-presidente Fernando Collor (PTB-AL) n&atilde;o dever&aacute; ser indenizado pela Editora Tr&ecirc;s, que edita a revista Isto&Eacute;, por danos morais. Segundo a acusa&ccedil;&atilde;o, Collor teria reclamado de uma entrevista publicada pela revista com o m&eacute;dico Jo&atilde;o Augusto Figueir&oacute; &hellip; <a href=\"https:\/\/obscom.intervozes.org.br\/?p=19719\" class=\"more-link\">Continue lendo <span class=\"screen-reader-text\">Revista Isto\u00c9 n\u00e3o ter\u00e1 que indenizar Fernando Collor<\/span> <span class=\"meta-nav\">&rarr;<\/span><\/a><\/p>\n","protected":false},"author":1,"featured_media":0,"comment_status":"open","ping_status":"open","sticky":false,"template":"","format":"standard","meta":{"footnotes":""},"categories":[40],"tags":[174],"_links":{"self":[{"href":"https:\/\/obscom.intervozes.org.br\/index.php?rest_route=\/wp\/v2\/posts\/19719"}],"collection":[{"href":"https:\/\/obscom.intervozes.org.br\/index.php?rest_route=\/wp\/v2\/posts"}],"about":[{"href":"https:\/\/obscom.intervozes.org.br\/index.php?rest_route=\/wp\/v2\/types\/post"}],"author":[{"embeddable":true,"href":"https:\/\/obscom.intervozes.org.br\/index.php?rest_route=\/wp\/v2\/users\/1"}],"replies":[{"embeddable":true,"href":"https:\/\/obscom.intervozes.org.br\/index.php?rest_route=%2Fwp%2Fv2%2Fcomments&post=19719"}],"version-history":[{"count":0,"href":"https:\/\/obscom.intervozes.org.br\/index.php?rest_route=\/wp\/v2\/posts\/19719\/revisions"}],"wp:attachment":[{"href":"https:\/\/obscom.intervozes.org.br\/index.php?rest_route=%2Fwp%2Fv2%2Fmedia&parent=19719"}],"wp:term":[{"taxonomy":"category","embeddable":true,"href":"https:\/\/obscom.intervozes.org.br\/index.php?rest_route=%2Fwp%2Fv2%2Fcategories&post=19719"},{"taxonomy":"post_tag","embeddable":true,"href":"https:\/\/obscom.intervozes.org.br\/index.php?rest_route=%2Fwp%2Fv2%2Ftags&post=19719"}],"curies":[{"name":"wp","href":"https:\/\/api.w.org\/{rel}","templated":true}]}}