{"id":19718,"date":"2007-11-09T11:22:08","date_gmt":"2007-11-09T11:22:08","guid":{"rendered":"https:\/\/obscom.intervozes.org.br\/wordpress\/?p=19718"},"modified":"2007-11-09T11:22:08","modified_gmt":"2007-11-09T11:22:08","slug":"oi-vai-brigar-por-mais-frequencia-se-vivo-e-tim-nao-se-desvincularem","status":"publish","type":"post","link":"https:\/\/obscom.intervozes.org.br\/?p=19718","title":{"rendered":"Oi vai brigar por mais freq\u00fc\u00eancia, se Vivo e Tim n\u00e3o se desvincularem"},"content":{"rendered":"<p>O presidente da Oi, Luiz Eduardo Falco, elogiou a decis&atilde;o da Anatel, que deu prazo de seis meses para a Telef&oacute;nica e a Telecom Italia promoverem a desvincula&ccedil;&atilde;o das operadoras brasileiras Vivo e Tim, mas ressaltou que, se a decis&atilde;o n&atilde;o for cumprida, ir&aacute; pleitear pelo menos o dobro de freq&uuml;&ecirc;ncia dispon&iacute;vel hoje para a sua empresa. &quot;A decis&atilde;o da Anatel foi s&aacute;bia, porque diz que em seis meses ter&aacute; que ser apresentado um plano para a desincompatibiliza&ccedil;&atilde;o das empresas, o que significa fus&atilde;o ou venda de ativos&quot;, comentou Falco, referindo-se &agrave; decis&atilde;o da Anatel sobre a entrada da Telef&oacute;nica no capital da Telecom Italia, principal acionista da TIM. <\/p>\n<p>H&aacute; 15 dias a ag&ecirc;ncia reguladora deu o sinal verde para a opera&ccedil;&atilde;o internacional, mas imp&ocirc;s algumas restri&ccedil;&otilde;es, entre elas a de que as duas empresas t&ecirc;m que apresentar uma proposta para que as operadoras brasileiras n&atilde;o fiquem coligadas. &quot;Com essa opera&ccedil;&atilde;o do jeito em que est&aacute;, o mesmo grupo passar&aacute; a contar com 50 MHz de freq&uuml;&ecirc;ncia da Tim e&nbsp; 50 MHz da Vivo. Como o limite estabelecido pela Anatel &eacute; 50MHz,&nbsp; o meu questionamento ser&aacute; t&eacute;cnico: eu tamb&eacute;m vou querer 100 MHz&quot;, deixou claro o presidente da Oi. &quot;Como competidor n&atilde;o somos a favor nem contra a essa opera&ccedil;&atilde;o, s&oacute; quero saber com quantos MHz estarei competindo&quot;, refor&ccedil;ou. Quando mais freq&uuml;&ecirc;ncias, mais clientes as operadoras podem ter. <\/p>\n<p><strong>3G<\/p>\n<p><\/strong>Falco pretende lan&ccedil;ar a 3G na regi&atilde;o de concess&atilde;o da operadora, que inclui o Nordeste e a Amaz&ocirc;nia, e ironizou: &quot;vamos ganhar S&atilde;o Paulo de gra&ccedil;a. De acordo com a licita&ccedil;&atilde;o, quem compra o Nordeste ganha S&atilde;o Paulo e, j&aacute; que &eacute; de gra&ccedil;a, vamos entrar com 2G e 3G em S&atilde;o Paulo, at&eacute; porque n&atilde;o faz sentido construir uma rede 3G sem construir uma rede 2G.&rdquo;<\/p>\n<p>Na avalia&ccedil;&atilde;o do presidente da Oi, o leil&atilde;o, marcado para o dia 18 de dezembro, n&atilde;o deve trazer surpresas e criticou a declara&ccedil;&atilde;o do presidente da Vivo, Roberto Lima, que reclamou dos pre&ccedil;os estabelecidos pela Anatel. Para Falco, os que est&atilde;o reclamando querem &quot;melar&quot; a licita&ccedil;&atilde;o, porque j&aacute; t&ecirc;m as freq&uuml;&ecirc;ncias que precisam para prestar os servi&ccedil;os de terceira gera&ccedil;&atilde;o. &quot; Se t&aacute; caro, n&atilde;o entra, a resposta &eacute; simples. Como essas empresas j&aacute;&nbsp; t&ecirc;m a freq&uuml;&ecirc;ncia, podem lan&ccedil;ar novos servi&ccedil;os de banda larga sem os compromissos de universaliza&ccedil;&atilde;o do edital. N&oacute;s chegamos depois da faixa de 850 MHz e dependemos do leil&atilde;o para ter a terceira gera&ccedil;&atilde;o&quot;, argumentou.<\/p>\n","protected":false},"excerpt":{"rendered":"<p>O presidente da Oi, Luiz Eduardo Falco, elogiou a decis&atilde;o da Anatel, que deu prazo de seis meses para a Telef&oacute;nica e a Telecom Italia promoverem a desvincula&ccedil;&atilde;o das operadoras brasileiras Vivo e Tim, mas ressaltou que, se a decis&atilde;o n&atilde;o for cumprida, ir&aacute; pleitear pelo menos o dobro de freq&uuml;&ecirc;ncia dispon&iacute;vel hoje para a &hellip; <a href=\"https:\/\/obscom.intervozes.org.br\/?p=19718\" class=\"more-link\">Continue lendo <span class=\"screen-reader-text\">Oi vai brigar por mais freq\u00fc\u00eancia, se Vivo e Tim n\u00e3o se desvincularem<\/span> <span class=\"meta-nav\">&rarr;<\/span><\/a><\/p>\n","protected":false},"author":1,"featured_media":0,"comment_status":"open","ping_status":"open","sticky":false,"template":"","format":"standard","meta":{"footnotes":""},"categories":[40],"tags":[81],"_links":{"self":[{"href":"https:\/\/obscom.intervozes.org.br\/index.php?rest_route=\/wp\/v2\/posts\/19718"}],"collection":[{"href":"https:\/\/obscom.intervozes.org.br\/index.php?rest_route=\/wp\/v2\/posts"}],"about":[{"href":"https:\/\/obscom.intervozes.org.br\/index.php?rest_route=\/wp\/v2\/types\/post"}],"author":[{"embeddable":true,"href":"https:\/\/obscom.intervozes.org.br\/index.php?rest_route=\/wp\/v2\/users\/1"}],"replies":[{"embeddable":true,"href":"https:\/\/obscom.intervozes.org.br\/index.php?rest_route=%2Fwp%2Fv2%2Fcomments&post=19718"}],"version-history":[{"count":0,"href":"https:\/\/obscom.intervozes.org.br\/index.php?rest_route=\/wp\/v2\/posts\/19718\/revisions"}],"wp:attachment":[{"href":"https:\/\/obscom.intervozes.org.br\/index.php?rest_route=%2Fwp%2Fv2%2Fmedia&parent=19718"}],"wp:term":[{"taxonomy":"category","embeddable":true,"href":"https:\/\/obscom.intervozes.org.br\/index.php?rest_route=%2Fwp%2Fv2%2Fcategories&post=19718"},{"taxonomy":"post_tag","embeddable":true,"href":"https:\/\/obscom.intervozes.org.br\/index.php?rest_route=%2Fwp%2Fv2%2Ftags&post=19718"}],"curies":[{"name":"wp","href":"https:\/\/api.w.org\/{rel}","templated":true}]}}