{"id":19717,"date":"2007-11-08T18:06:18","date_gmt":"2007-11-08T18:06:18","guid":{"rendered":"https:\/\/obscom.intervozes.org.br\/wordpress\/?p=19717"},"modified":"2007-11-08T18:06:18","modified_gmt":"2007-11-08T18:06:18","slug":"fagundes-tentara-aprovar-projeto-da-convergencia-na-proxima-semana","status":"publish","type":"post","link":"https:\/\/obscom.intervozes.org.br\/?p=19717","title":{"rendered":"Fagundes tentar\u00e1 aprovar projeto da converg\u00eancia na pr\u00f3xima semana"},"content":{"rendered":"<p><span>Por falta de acordo entre os parlamentares da comiss&atilde;o de Desenvolvimento da C&acirc;mara, o substitutivo do projeto de lei da converg&ecirc;ncia do deputado Wellington Fagundes (PR\/MT) n&atilde;o foi votado esta semana e ser&aacute; pautado para nova aprecia&ccedil;&atilde;o na pr&oacute;xima ter&ccedil;a-feira, 13, informou hoje a assessoria de imprensa do parlamentar. O substitutivo recebeu 37 emendas e a grande pol&ecirc;mica do projeto se d&aacute; pela entrada das teles no mercado de TV paga.&nbsp; <\/p>\n<p><\/span><span>Desse total, a Comiss&atilde;o de Ci&ecirc;ncia e Tecnologia (CCT) apresentou 12 emendas e a Comiss&atilde;o de Desenvolvimento mais 25. Em seu parecer, Fagundes acatou 34 emendas e vetou tr&ecirc;s das&nbsp; apresentadas pela CCT, que versavam sobre o artigo 222 da Constitui&ccedil;&atilde;o e estendia o limite do capital estrangeiro do segmento de radiodifus&atilde;o &agrave;s empresas de distribui&ccedil;&atilde;o de TV por assinatura. Segundo o relator, o estabelecimento de restri&ccedil;&atilde;o&nbsp; ao capital estrangeiro na TV paga poderia impedir o desenvolvimento do setor, al&eacute;m de confrontar com a legisla&ccedil;&atilde;o de telecomunica&ccedil;&otilde;es.<span>&nbsp;<font face=\"Times New Roman\"><font size=\"3\">&nbsp; <\/font><\/font><\/span><\/span><\/p>\n<p>&nbsp;<\/p>\n","protected":false},"excerpt":{"rendered":"<p>Por falta de acordo entre os parlamentares da comiss&atilde;o de Desenvolvimento da C&acirc;mara, o substitutivo do projeto de lei da converg&ecirc;ncia do deputado Wellington Fagundes (PR\/MT) n&atilde;o foi votado esta semana e ser&aacute; pautado para nova aprecia&ccedil;&atilde;o na pr&oacute;xima ter&ccedil;a-feira, 13, informou hoje a assessoria de imprensa do parlamentar. O substitutivo recebeu 37 emendas e &hellip; <a href=\"https:\/\/obscom.intervozes.org.br\/?p=19717\" class=\"more-link\">Continue lendo <span class=\"screen-reader-text\">Fagundes tentar\u00e1 aprovar projeto da converg\u00eancia na pr\u00f3xima semana<\/span> <span class=\"meta-nav\">&rarr;<\/span><\/a><\/p>\n","protected":false},"author":1,"featured_media":0,"comment_status":"open","ping_status":"open","sticky":false,"template":"","format":"standard","meta":{"footnotes":""},"categories":[40],"tags":[148],"_links":{"self":[{"href":"https:\/\/obscom.intervozes.org.br\/index.php?rest_route=\/wp\/v2\/posts\/19717"}],"collection":[{"href":"https:\/\/obscom.intervozes.org.br\/index.php?rest_route=\/wp\/v2\/posts"}],"about":[{"href":"https:\/\/obscom.intervozes.org.br\/index.php?rest_route=\/wp\/v2\/types\/post"}],"author":[{"embeddable":true,"href":"https:\/\/obscom.intervozes.org.br\/index.php?rest_route=\/wp\/v2\/users\/1"}],"replies":[{"embeddable":true,"href":"https:\/\/obscom.intervozes.org.br\/index.php?rest_route=%2Fwp%2Fv2%2Fcomments&post=19717"}],"version-history":[{"count":0,"href":"https:\/\/obscom.intervozes.org.br\/index.php?rest_route=\/wp\/v2\/posts\/19717\/revisions"}],"wp:attachment":[{"href":"https:\/\/obscom.intervozes.org.br\/index.php?rest_route=%2Fwp%2Fv2%2Fmedia&parent=19717"}],"wp:term":[{"taxonomy":"category","embeddable":true,"href":"https:\/\/obscom.intervozes.org.br\/index.php?rest_route=%2Fwp%2Fv2%2Fcategories&post=19717"},{"taxonomy":"post_tag","embeddable":true,"href":"https:\/\/obscom.intervozes.org.br\/index.php?rest_route=%2Fwp%2Fv2%2Ftags&post=19717"}],"curies":[{"name":"wp","href":"https:\/\/api.w.org\/{rel}","templated":true}]}}