{"id":19709,"date":"2007-11-08T14:47:28","date_gmt":"2007-11-08T14:47:28","guid":{"rendered":"https:\/\/obscom.intervozes.org.br\/wordpress\/?p=19709"},"modified":"2007-11-08T14:47:28","modified_gmt":"2007-11-08T14:47:28","slug":"coincidencia-ou-nao-orgao-libera-novas-frequencias-para-inclusao-digital","status":"publish","type":"post","link":"https:\/\/obscom.intervozes.org.br\/?p=19709","title":{"rendered":"Coincid\u00eancia ou n\u00e3o, \u00f3rg\u00e3o libera novas frequ\u00eancias para inclus\u00e3o digital"},"content":{"rendered":"<p>A Ag&ecirc;ncia Nacional de Telecomunica&ccedil;&otilde;es colocou nesta ter&ccedil;a-feira (06\/11) em consulta p&uacute;blica, proposta de altera&ccedil;&atilde;o do Regulamento sobre Canaliza&ccedil;&atilde;o e Condi&ccedil;&otilde;es de Uso da Faixa de Radiofrequ&ecirc;ncias de 6.430 MHz a 7.110 MHz. O objetivo &eacute; permitir que o governo possa garantir o provimento de banda larga em pequenos e distantes munic&iacute;pios das regi&otilde;es Norte e Nordeste.<\/p>\n<p>A decis&atilde;o ocorre no mesmo dia em que a Ag&ecirc;ncia anuncia que as concession&aacute;rias de telefonia fixa est&atilde;o liberadas de come&ccedil;ar a implantar em janeiro mais de oito mil Postos de Servi&ccedil;os Telef&ocirc;nicos (PSTs), em troca da cria&ccedil;&atilde;o de uma grande rede nacional de banda larga que ser&aacute; usada pelo governo para programas de inclus&atilde;o digital.<\/p>\n<p>De acordo com a Consulta P&uacute;blica 839, publicada nesta ter&ccedil;a-feira no Di&aacute;rio Oficial da Uni&atilde;o, o uso dessas frequ&ecirc;ncias permitir&aacute; viabilizar &quot;a implementa&ccedil;&atilde;o de rotas de entroncamento em dist&acirc;ncias superiores a 30 km, para interliga&ccedil;&atilde;o de localidades e pequenos munic&iacute;pios no interior do Brasil, considerando o interesse p&uacute;blico de expans&atilde;o de programas como provimento de banda larga &#8211; inclus&atilde;o digital&quot;, especialmente nas duas regi&otilde;es mais carentes do Brasil. <\/p>\n<p>Segundo explicou o subgerente de Opera&ccedil;&otilde;es e Planejamento, da Ger&ecirc;ncia de Engenharia de Espectro da Anatel, Marco Antonio de Oliveira Tavares, devido aos avan&ccedil;os da tecnologia, a ag&ecirc;ncia apenas est&aacute; promovendo um &quot;uso mais eficiente do espectro&quot;. As frequ&ecirc;ncias de 6.4Ghz e 7.1Ghz tem sido utilizadas por empresas do setor el&eacute;trico para servi&ccedil;os de voz e transmiss&atilde;o de dados, &quot;em velocidade mais baixinha&quot;, segundo o t&eacute;cnico.<\/p>\n<p><strong>Inclus&atilde;o digital<\/strong><\/p>\n<p>Com um melhor uso desse espectro, as empresas interessadas em explorar essa faixa de frequ&ecirc;ncia poder&atilde;o implantar sistemas ponto-a-ponto de alta capacidade de transmiss&atilde;o de dados, em velocidades que variam entre 140 Mbit\/s e 155 Mbit\/s. S&atilde;o velocidades bem maiores do que aquelas que ser&atilde;o empregadas pelas empresas de telefonia fixa na grande rede nacional de banda larga, em troca da n&atilde;o instala&ccedil;&atilde;o dos Postos de Servi&ccedil;os Telef&ocirc;nicos (PSTs).<\/p>\n<p>Antonio Tavares admite que a libera&ccedil;&atilde;o dessas frequ&ecirc;ncias permitir&aacute; a forma&ccedil;&atilde;o de um grande backhaul nas regi&otilde;es Norte, onde existe a dificuldade de montagem de redes, al&eacute;m do Nordeste, carente de investimentos nessa &aacute;rea. &quot;Pode ser aproveitado para levar a banda larga &agrave;s localidades mais distantes e de dif&iacute;cil acesso&quot;, afirmou. <\/p>\n<p>O t&eacute;cnico da Anatel entende que essa frequ&ecirc;ncia atende justamente ao problema de se cobrir grandes dist&acirc;ncias com rede de acesso &agrave; Internet. &quot;Ningu&eacute;m pense em fazer banda larga com seis e meio gigas aqui no Lago Sul porque a id&eacute;ia n&atilde;o &eacute; essa&quot;, destacou o executivo, lembrando que a Anatel n&atilde;o dar&aacute; exclusividade de uso das faixas para o setor el&eacute;trico. &quot;N&atilde;o tem exclusividade &eacute; aberto a todos&quot;, frisou.<\/p>\n","protected":false},"excerpt":{"rendered":"<p>A Ag&ecirc;ncia Nacional de Telecomunica&ccedil;&otilde;es colocou nesta ter&ccedil;a-feira (06\/11) em consulta p&uacute;blica, proposta de altera&ccedil;&atilde;o do Regulamento sobre Canaliza&ccedil;&atilde;o e Condi&ccedil;&otilde;es de Uso da Faixa de Radiofrequ&ecirc;ncias de 6.430 MHz a 7.110 MHz. O objetivo &eacute; permitir que o governo possa garantir o provimento de banda larga em pequenos e distantes munic&iacute;pios das regi&otilde;es Norte &hellip; <a href=\"https:\/\/obscom.intervozes.org.br\/?p=19709\" class=\"more-link\">Continue lendo <span class=\"screen-reader-text\">Coincid\u00eancia ou n\u00e3o, \u00f3rg\u00e3o libera novas frequ\u00eancias para inclus\u00e3o digital<\/span> <span class=\"meta-nav\">&rarr;<\/span><\/a><\/p>\n","protected":false},"author":1,"featured_media":0,"comment_status":"open","ping_status":"open","sticky":false,"template":"","format":"standard","meta":{"footnotes":""},"categories":[40],"tags":[188],"_links":{"self":[{"href":"https:\/\/obscom.intervozes.org.br\/index.php?rest_route=\/wp\/v2\/posts\/19709"}],"collection":[{"href":"https:\/\/obscom.intervozes.org.br\/index.php?rest_route=\/wp\/v2\/posts"}],"about":[{"href":"https:\/\/obscom.intervozes.org.br\/index.php?rest_route=\/wp\/v2\/types\/post"}],"author":[{"embeddable":true,"href":"https:\/\/obscom.intervozes.org.br\/index.php?rest_route=\/wp\/v2\/users\/1"}],"replies":[{"embeddable":true,"href":"https:\/\/obscom.intervozes.org.br\/index.php?rest_route=%2Fwp%2Fv2%2Fcomments&post=19709"}],"version-history":[{"count":0,"href":"https:\/\/obscom.intervozes.org.br\/index.php?rest_route=\/wp\/v2\/posts\/19709\/revisions"}],"wp:attachment":[{"href":"https:\/\/obscom.intervozes.org.br\/index.php?rest_route=%2Fwp%2Fv2%2Fmedia&parent=19709"}],"wp:term":[{"taxonomy":"category","embeddable":true,"href":"https:\/\/obscom.intervozes.org.br\/index.php?rest_route=%2Fwp%2Fv2%2Fcategories&post=19709"},{"taxonomy":"post_tag","embeddable":true,"href":"https:\/\/obscom.intervozes.org.br\/index.php?rest_route=%2Fwp%2Fv2%2Ftags&post=19709"}],"curies":[{"name":"wp","href":"https:\/\/api.w.org\/{rel}","templated":true}]}}