{"id":19705,"date":"2007-11-07T19:02:58","date_gmt":"2007-11-07T19:02:58","guid":{"rendered":"https:\/\/obscom.intervozes.org.br\/wordpress\/?p=19705"},"modified":"2007-11-07T19:02:58","modified_gmt":"2007-11-07T19:02:58","slug":"deputado-do-psol-cobra-punicao-as-tvs-por-assinatura","status":"publish","type":"post","link":"https:\/\/obscom.intervozes.org.br\/?p=19705","title":{"rendered":"Deputado do Psol cobra puni\u00e7\u00e3o \u00e0s TVs por assinatura"},"content":{"rendered":"<p>O deputado Ivan Valente (Psol-SP) afirmou, em audi&ecirc;ncia p&uacute;blica da Comiss&atilde;o de Defesa do Consumidor, que muitos dos pontos abordados no regulamento de prote&ccedil;&atilde;o e defesa dos direitos dos assinantes dos servi&ccedil;os de TV por assinatura, da Ag&ecirc;ncia Nacional de Telecomunica&ccedil;&otilde;es (Anatel), s&atilde;o contemplados no C&oacute;digo de Defesa do Consumidor, e por isso essas medidas j&aacute; deveriam estar valendo. Ele questionou o funcionamento da Anatel e perguntou ao ministro das Comunica&ccedil;&otilde;es, H&eacute;lio Costa, qual o papel do minist&eacute;rio no processo para punir as empresas que descumprem as determina&ccedil;&otilde;es legais.<\/p>\n<p>Valente afirmou ainda que o grande problema da TV por assinatura &eacute; o monop&oacute;lio, que impede a concorr&ecirc;ncia no setor. &quot;Estamos ref&eacute;ns de duas empresas que n&atilde;o t&ecirc;m interesse em prestar bons servi&ccedil;os&quot;, destacou.<\/p>\n<p>H&eacute;lio Costa afirmou que a fiscaliza&ccedil;&atilde;o do servi&ccedil;o cabe &agrave; Anatel. Ele disse tamb&eacute;m que &eacute; favor&aacute;vel ao estabelecimento de uma cota de conte&uacute;do nacional nos canais por assinatura, porque, segundo ele, a programa&ccedil;&atilde;o externa n&atilde;o tem participa&ccedil;&atilde;o da m&atilde;o-de-obra brasileira.<\/p>\n<p><strong>Conversores de TV digital<\/strong><\/p>\n<p>Sobre a pergunta de Valente a respeito do pre&ccedil;o do conversor para TV digital (set-top boxes), Costa afirmou que os bancos estatais j&aacute; est&atilde;o prevendo linhas de financiamento para os consumidores. Al&eacute;m disso, o ministro informou que o governo federal j&aacute; disponibilizou R$ 450 milh&otilde;es pela Financiadora de Estudos e Projetos (Finep), empresa p&uacute;blica ligada ao Minist&eacute;rio da Ci&ecirc;ncia e da Tecnologia, para qualquer empresa que queira desenvolver a produ&ccedil;&atilde;o dos conversores no Brasil. &quot;Onde est&atilde;o os empres&aacute;rios de vis&atilde;o?&quot;, questionou.<\/p>\n<p>O deputado J&uacute;lio Delgado (PSB-MG) concordou com Ivan Valente a respeito do monop&oacute;lio na TV por assinatura e tamb&eacute;m criticou a atua&ccedil;&atilde;o da Anatel. Segundo ele, a propaganda foi autorizada nos canais por assinatura com a justificativa de baixar o pre&ccedil;o e tornar o servi&ccedil;o acess&iacute;vel &agrave; popula&ccedil;&atilde;o de baixa renda, o que n&atilde;o ocorreu. Ele revelou o seu temor de que os set-top boxes comecem a ser pirateados e contrabandeados do Paraguai, caso o pre&ccedil;o n&atilde;o seja acess&iacute;vel a todos.<\/p>\n","protected":false},"excerpt":{"rendered":"<p>O deputado Ivan Valente (Psol-SP) afirmou, em audi&ecirc;ncia p&uacute;blica da Comiss&atilde;o de Defesa do Consumidor, que muitos dos pontos abordados no regulamento de prote&ccedil;&atilde;o e defesa dos direitos dos assinantes dos servi&ccedil;os de TV por assinatura, da Ag&ecirc;ncia Nacional de Telecomunica&ccedil;&otilde;es (Anatel), s&atilde;o contemplados no C&oacute;digo de Defesa do Consumidor, e por isso essas medidas &hellip; <a href=\"https:\/\/obscom.intervozes.org.br\/?p=19705\" class=\"more-link\">Continue lendo <span class=\"screen-reader-text\">Deputado do Psol cobra puni\u00e7\u00e3o \u00e0s TVs por assinatura<\/span> <span class=\"meta-nav\">&rarr;<\/span><\/a><\/p>\n","protected":false},"author":1,"featured_media":0,"comment_status":"open","ping_status":"open","sticky":false,"template":"","format":"standard","meta":{"footnotes":""},"categories":[40],"tags":[164],"_links":{"self":[{"href":"https:\/\/obscom.intervozes.org.br\/index.php?rest_route=\/wp\/v2\/posts\/19705"}],"collection":[{"href":"https:\/\/obscom.intervozes.org.br\/index.php?rest_route=\/wp\/v2\/posts"}],"about":[{"href":"https:\/\/obscom.intervozes.org.br\/index.php?rest_route=\/wp\/v2\/types\/post"}],"author":[{"embeddable":true,"href":"https:\/\/obscom.intervozes.org.br\/index.php?rest_route=\/wp\/v2\/users\/1"}],"replies":[{"embeddable":true,"href":"https:\/\/obscom.intervozes.org.br\/index.php?rest_route=%2Fwp%2Fv2%2Fcomments&post=19705"}],"version-history":[{"count":0,"href":"https:\/\/obscom.intervozes.org.br\/index.php?rest_route=\/wp\/v2\/posts\/19705\/revisions"}],"wp:attachment":[{"href":"https:\/\/obscom.intervozes.org.br\/index.php?rest_route=%2Fwp%2Fv2%2Fmedia&parent=19705"}],"wp:term":[{"taxonomy":"category","embeddable":true,"href":"https:\/\/obscom.intervozes.org.br\/index.php?rest_route=%2Fwp%2Fv2%2Fcategories&post=19705"},{"taxonomy":"post_tag","embeddable":true,"href":"https:\/\/obscom.intervozes.org.br\/index.php?rest_route=%2Fwp%2Fv2%2Ftags&post=19705"}],"curies":[{"name":"wp","href":"https:\/\/api.w.org\/{rel}","templated":true}]}}