{"id":19703,"date":"2007-11-07T18:35:46","date_gmt":"2007-11-07T18:35:46","guid":{"rendered":"https:\/\/obscom.intervozes.org.br\/wordpress\/?p=19703"},"modified":"2007-11-07T18:35:46","modified_gmt":"2007-11-07T18:35:46","slug":"ministerio-da-cultura-divulga-nota-sobre-operacao-mecenas","status":"publish","type":"post","link":"https:\/\/obscom.intervozes.org.br\/?p=19703","title":{"rendered":"Minist\u00e9rio da Cultura divulga nota sobre &#8216;Opera\u00e7\u00e3o Mecenas&#8217;"},"content":{"rendered":"<p>Na manh&atilde; da &uacute;ltima ter&ccedil;a-feira, dia 6 de novembro, a Pol&iacute;cia Federal cumpriu cinco mandados de pris&atilde;o e sete de busca e apreens&atilde;o, como parte do inqu&eacute;rito que apura irregularidades na tramita&ccedil;&atilde;o de projetos postulantes aos recursos da Lei Rouanet, na chamada Opera&ccedil;&atilde;o Mecenas. <\/p>\n<p>As investiga&ccedil;&otilde;es, pedidas pelo Minist&eacute;rio da Cultura a partir de uma den&uacute;ncia, levaram &agrave; pris&atilde;o uma servidora do MinC e mais quatro acusados, ligados a duas empresas de consultoria a projetos culturais. <\/p>\n<p>O inqu&eacute;rito policial est&aacute; sob segredo de Justi&ccedil;a. Por&eacute;m, segundo o MinC &ldquo;o esquema irregular consistia no travamento da tramita&ccedil;&atilde;o de projetos com maior potencial de capta&ccedil;&atilde;o de patroc&iacute;nios e com valores mais elevados&rdquo;. A partir da&iacute;, integrantes das empresas G4 e Mecenas ofereciam seus &quot;servi&ccedil;os&quot; aos proponentes desses projetos, para assegurar a tramita&ccedil;&atilde;o dos mesmos. Para isso, ainda segundo as investiga&ccedil;&otilde;es, contariam com a participa&ccedil;&atilde;o da servidora acusada. <\/p>\n<p>O Minist&eacute;rio da Cultura informou ainda que as irregularidades atingiram 20 projetos, de um total de oito mil que tramitam anualmente no minist&eacute;rio. Caber&aacute; ao MinC instaurar o processo administrativo disciplinar para apurar as responsabilidades da servidora envolvida no caso, que ter&aacute; assegurado o amplo direito de defesa. As provid&ecirc;ncias, no &acirc;mbito criminal, est&atilde;o a cargo da Pol&iacute;cia Federal. <\/p>\n<p>Segundo nota oficial divulgada pelo MinC, o &oacute;rg&atilde;o &ldquo;continua empenhado e atento para que todas as atividades sejam pautadas pelos princ&iacute;pios constitucionais que regem a administra&ccedil;&atilde;o p&uacute;blica e pela &eacute;tica que tem caracterizado sua gest&atilde;o. Esta postura republicana implica assegurar que todos os projetos postulantes aos recursos p&uacute;blicos oriundos do Fundo Nacional de Cultura ou de ren&uacute;ncia fiscal tramitem em condi&ccedil;&otilde;es de igualdade e em processos transparentes&rdquo;. <\/p>\n<p>* Com informa&ccedil;&otilde;es do Minist&eacute;rio da Cultura<\/p>\n","protected":false},"excerpt":{"rendered":"<p>Na manh&atilde; da &uacute;ltima ter&ccedil;a-feira, dia 6 de novembro, a Pol&iacute;cia Federal cumpriu cinco mandados de pris&atilde;o e sete de busca e apreens&atilde;o, como parte do inqu&eacute;rito que apura irregularidades na tramita&ccedil;&atilde;o de projetos postulantes aos recursos da Lei Rouanet, na chamada Opera&ccedil;&atilde;o Mecenas. As investiga&ccedil;&otilde;es, pedidas pelo Minist&eacute;rio da Cultura a partir de uma &hellip; <a href=\"https:\/\/obscom.intervozes.org.br\/?p=19703\" class=\"more-link\">Continue lendo <span class=\"screen-reader-text\">Minist\u00e9rio da Cultura divulga nota sobre &#8216;Opera\u00e7\u00e3o Mecenas&#8217;<\/span> <span class=\"meta-nav\">&rarr;<\/span><\/a><\/p>\n","protected":false},"author":1,"featured_media":0,"comment_status":"open","ping_status":"open","sticky":false,"template":"","format":"standard","meta":{"footnotes":""},"categories":[40],"tags":[285],"_links":{"self":[{"href":"https:\/\/obscom.intervozes.org.br\/index.php?rest_route=\/wp\/v2\/posts\/19703"}],"collection":[{"href":"https:\/\/obscom.intervozes.org.br\/index.php?rest_route=\/wp\/v2\/posts"}],"about":[{"href":"https:\/\/obscom.intervozes.org.br\/index.php?rest_route=\/wp\/v2\/types\/post"}],"author":[{"embeddable":true,"href":"https:\/\/obscom.intervozes.org.br\/index.php?rest_route=\/wp\/v2\/users\/1"}],"replies":[{"embeddable":true,"href":"https:\/\/obscom.intervozes.org.br\/index.php?rest_route=%2Fwp%2Fv2%2Fcomments&post=19703"}],"version-history":[{"count":0,"href":"https:\/\/obscom.intervozes.org.br\/index.php?rest_route=\/wp\/v2\/posts\/19703\/revisions"}],"wp:attachment":[{"href":"https:\/\/obscom.intervozes.org.br\/index.php?rest_route=%2Fwp%2Fv2%2Fmedia&parent=19703"}],"wp:term":[{"taxonomy":"category","embeddable":true,"href":"https:\/\/obscom.intervozes.org.br\/index.php?rest_route=%2Fwp%2Fv2%2Fcategories&post=19703"},{"taxonomy":"post_tag","embeddable":true,"href":"https:\/\/obscom.intervozes.org.br\/index.php?rest_route=%2Fwp%2Fv2%2Ftags&post=19703"}],"curies":[{"name":"wp","href":"https:\/\/api.w.org\/{rel}","templated":true}]}}