{"id":19697,"date":"2007-11-06T22:06:55","date_gmt":"2007-11-06T22:06:55","guid":{"rendered":"https:\/\/obscom.intervozes.org.br\/wordpress\/?p=19697"},"modified":"2007-11-06T22:06:55","modified_gmt":"2007-11-06T22:06:55","slug":"votacao-do-pl-29-na-comissao-de-desenvolvimento-economico-e-novamente-adiada","status":"publish","type":"post","link":"https:\/\/obscom.intervozes.org.br\/?p=19697","title":{"rendered":"Vota\u00e7\u00e3o do PL 29 na Comiss\u00e3o de Desenvolvimento Econ\u00f4mico \u00e9 novamente adiada"},"content":{"rendered":"<p>A aguardada vota&ccedil;&atilde;o do PL 29\/2007 e seus apensados &#8211; que tratam da produ&ccedil;&atilde;o, empacotamento e distribui&ccedil;&atilde;o de conte&uacute;dos audiovisuais e dos servi&ccedil;os de TV paga &#8211; na Comiss&atilde;o de Desenvolvimento Econ&ocirc;mico foi adiada mais uma vez. A an&aacute;lise e aprova&ccedil;&atilde;o do texto que ser&aacute; encaminhado &agrave; Comiss&atilde;o de Ci&ecirc;ncia e Tecnologia da C&acirc;mara, prevista para acontecer nessa quarta-feira, 6, foi suspensa por decis&atilde;o do pr&oacute;prio presidente da comiss&atilde;o e relator da mat&eacute;ria, deputado Wellington Fagundes (PR\/MT). <\/p>\n<p>Mas a iniciativa de adiar a an&aacute;lise para a pr&oacute;xima semana n&atilde;o surgiu sem press&otilde;es dos setores envolvidos. Sabe-se, por exemplo, que um artigo proposto no novo substitutivo, que na pr&aacute;tica cria uma restri&ccedil;&atilde;o de propriedade cruzada entre produtores de conte&uacute;do e distribuidores do servi&ccedil;o de TV paga, &eacute; um dos pontos a serem equacionados. Ainda que a proposta, surpreendentemente, goze inclusive do apoio de alguns grupos de comunica&ccedil;&atilde;o e de algumas teles.<\/p>\n<p><strong>Ponto complexo<\/p>\n<p><\/strong>Trata-se da emenda 30, assinada pelo deputado Vanderlei Macris (PSDB\/SP) e inclu&iacute;da no &uacute;ltimo substitutivo apresentado por Fagundes na semana passada. A proposta de Macris impede qualquer participa&ccedil;&atilde;o cruzada entre produtores ou programadores e prestadores de servi&ccedil;os de telecomunica&ccedil;&otilde;es.<\/p>\n<p>Da forma com que a emenda foi apresentada, a restri&ccedil;&atilde;o impede as teles de expandirem sua atua&ccedil;&atilde;o na &aacute;rea de programa&ccedil;&atilde;o de conte&uacute;do e tamb&eacute;m impede empresas de radiodifus&atilde;o de controlarem operadoras no mercado de TV por assinatura.<br \/>Confusos sobre os efeitos que a medida pode ter no mercado, os parlamentares chegaram a um consenso de que o texto precisa ser melhor estudado antes de ir &agrave; vota&ccedil;&atilde;o.<\/p>\n<p>Por isso, a id&eacute;ia &eacute; levar a proposta de volta &agrave; pauta apenas na pr&oacute;xima ter&ccedil;a-feira, 13. A estrat&eacute;gia tamb&eacute;m d&aacute; mais tempo para que o substitutivo seja melhor assimilado pelas bancadas que comp&otilde;em a comiss&atilde;o. Na semana passada, o deputado Miguel Corr&ecirc;a Jr. (PT\/MG) pediu vista conjunta com mais tr&ecirc;s parlamentares alegando que ainda n&atilde;o h&aacute; garantia de acordo para que o projeto seja votado tranq&uuml;ilamente na comiss&atilde;o. Deputados dos partidos aliados ao governo chegaram a se reunir nesta ter&ccedil;a-feira para debater como ser&aacute; o posicionamento da bancada na vota&ccedil;&atilde;o. <\/p>\n","protected":false},"excerpt":{"rendered":"<p>A aguardada vota&ccedil;&atilde;o do PL 29\/2007 e seus apensados &#8211; que tratam da produ&ccedil;&atilde;o, empacotamento e distribui&ccedil;&atilde;o de conte&uacute;dos audiovisuais e dos servi&ccedil;os de TV paga &#8211; na Comiss&atilde;o de Desenvolvimento Econ&ocirc;mico foi adiada mais uma vez. A an&aacute;lise e aprova&ccedil;&atilde;o do texto que ser&aacute; encaminhado &agrave; Comiss&atilde;o de Ci&ecirc;ncia e Tecnologia da C&acirc;mara, prevista &hellip; <a href=\"https:\/\/obscom.intervozes.org.br\/?p=19697\" class=\"more-link\">Continue lendo <span class=\"screen-reader-text\">Vota\u00e7\u00e3o do PL 29 na Comiss\u00e3o de Desenvolvimento Econ\u00f4mico \u00e9 novamente adiada<\/span> <span class=\"meta-nav\">&rarr;<\/span><\/a><\/p>\n","protected":false},"author":1,"featured_media":0,"comment_status":"open","ping_status":"open","sticky":false,"template":"","format":"standard","meta":{"footnotes":""},"categories":[40],"tags":[148],"_links":{"self":[{"href":"https:\/\/obscom.intervozes.org.br\/index.php?rest_route=\/wp\/v2\/posts\/19697"}],"collection":[{"href":"https:\/\/obscom.intervozes.org.br\/index.php?rest_route=\/wp\/v2\/posts"}],"about":[{"href":"https:\/\/obscom.intervozes.org.br\/index.php?rest_route=\/wp\/v2\/types\/post"}],"author":[{"embeddable":true,"href":"https:\/\/obscom.intervozes.org.br\/index.php?rest_route=\/wp\/v2\/users\/1"}],"replies":[{"embeddable":true,"href":"https:\/\/obscom.intervozes.org.br\/index.php?rest_route=%2Fwp%2Fv2%2Fcomments&post=19697"}],"version-history":[{"count":0,"href":"https:\/\/obscom.intervozes.org.br\/index.php?rest_route=\/wp\/v2\/posts\/19697\/revisions"}],"wp:attachment":[{"href":"https:\/\/obscom.intervozes.org.br\/index.php?rest_route=%2Fwp%2Fv2%2Fmedia&parent=19697"}],"wp:term":[{"taxonomy":"category","embeddable":true,"href":"https:\/\/obscom.intervozes.org.br\/index.php?rest_route=%2Fwp%2Fv2%2Fcategories&post=19697"},{"taxonomy":"post_tag","embeddable":true,"href":"https:\/\/obscom.intervozes.org.br\/index.php?rest_route=%2Fwp%2Fv2%2Ftags&post=19697"}],"curies":[{"name":"wp","href":"https:\/\/api.w.org\/{rel}","templated":true}]}}