{"id":19694,"date":"2007-11-06T18:10:37","date_gmt":"2007-11-06T18:10:37","guid":{"rendered":"https:\/\/obscom.intervozes.org.br\/wordpress\/?p=19694"},"modified":"2007-11-06T18:10:37","modified_gmt":"2007-11-06T18:10:37","slug":"jornal-demite-reporter-por-materia-desfavoravel-a-rede-globo","status":"publish","type":"post","link":"https:\/\/obscom.intervozes.org.br\/?p=19694","title":{"rendered":"Jornal demite rep\u00f3rter por mat\u00e9ria desfavor\u00e1vel \u00e0 Rede Globo"},"content":{"rendered":"\n<p>Em mais um caso pol&ecirc;mico envolvendo o jornal Meio &amp; Mensagem e grandes meios de comunica&ccedil;&atilde;o, o jornalista Alisson &Aacute;vila, rep&oacute;rter especializado em m&iacute;dia que trabalhava a sete anos no peri&oacute;dico, acabou demitido por n&atilde;o aceitar promover altera&ccedil;&otilde;es em uma reportagem desfavor&aacute;vel a Rede Globo. O texto revelava informa&ccedil;&otilde;es esmiu&ccedil;adas em n&uacute;meros oficiais e de circula&ccedil;&atilde;o restrita do Ibope sobre a queda de audi&ecirc;ncia da Globo em 2007 e o correspondente crescimento de suas concorrentes, em especial a Record.<\/p>\n<p>Em princ&iacute;pio, &Aacute;vila havia sido destacado pelo M&amp;M para apurar uma suposta queda de participa&ccedil;&atilde;o das TVs abertas no mercado. Em meio &agrave; investiga&ccedil;&atilde;o, no entanto, o rep&oacute;rter descobriu que a tese n&atilde;o procedia e que a Globo era quem estava perdendo a audi&ecirc;ncia na disputa da TV aberta. O peri&oacute;dico decidiu ent&atilde;o n&atilde;o publicar a mat&eacute;ria e o constrangeu a amenizar o desgaste da emissora dos Marinho. &Aacute;vila se recusou a transformar a reportagem e foi, em seguida, &ldquo;convidado a se retirar da reda&ccedil;&atilde;o&rdquo;.<\/p>\n<p>O M&amp;M j&aacute; havia protagonizado caso semelhante quando da demiss&atilde;o do seu ent&atilde;o editor-adjunto Cost&aacute;bile Nicoleta, em maio deste ano, ap&oacute;s a publica&ccedil;&atilde;o de um texto sobre a morte do publisher da Folha de S. Paulo Oct&aacute;vio Frias de Oliveira e suas rela&ccedil;&otilde;es com o regime militar. A demiss&atilde;o causou uma s&eacute;rie de protestos e motivou notas de rep&uacute;dio de sindicatos e da Federa&ccedil;&atilde;o Nacional dos Jornalistas, que considerou o ato uma agress&atilde;o ao princ&iacute;pio elementar da liberdade de express&atilde;o.<\/p>\n<p>Tanto a Rede Globo quanto o Meio &amp; Mensagem negaram inger&ecirc;ncia no trabalho de &Aacute;vila. De qualquer forma, sua reportagem recebeu abrigo na revista Carta Capital desta semana, na capa do seman&aacute;rio.<\/p>\n","protected":false},"excerpt":{"rendered":"<p>Em mais um caso pol&ecirc;mico envolvendo o jornal Meio &amp; Mensagem e grandes meios de comunica&ccedil;&atilde;o, o jornalista Alisson &Aacute;vila, rep&oacute;rter especializado em m&iacute;dia que trabalhava a sete anos no peri&oacute;dico, acabou demitido por n&atilde;o aceitar promover altera&ccedil;&otilde;es em uma reportagem desfavor&aacute;vel a Rede Globo. O texto revelava informa&ccedil;&otilde;es esmiu&ccedil;adas em n&uacute;meros oficiais e de &hellip; <a href=\"https:\/\/obscom.intervozes.org.br\/?p=19694\" class=\"more-link\">Continue lendo <span class=\"screen-reader-text\">Jornal demite rep\u00f3rter por mat\u00e9ria desfavor\u00e1vel \u00e0 Rede Globo<\/span> <span class=\"meta-nav\">&rarr;<\/span><\/a><\/p>\n","protected":false},"author":1,"featured_media":0,"comment_status":"open","ping_status":"open","sticky":false,"template":"","format":"standard","meta":{"footnotes":""},"categories":[40],"tags":[90],"_links":{"self":[{"href":"https:\/\/obscom.intervozes.org.br\/index.php?rest_route=\/wp\/v2\/posts\/19694"}],"collection":[{"href":"https:\/\/obscom.intervozes.org.br\/index.php?rest_route=\/wp\/v2\/posts"}],"about":[{"href":"https:\/\/obscom.intervozes.org.br\/index.php?rest_route=\/wp\/v2\/types\/post"}],"author":[{"embeddable":true,"href":"https:\/\/obscom.intervozes.org.br\/index.php?rest_route=\/wp\/v2\/users\/1"}],"replies":[{"embeddable":true,"href":"https:\/\/obscom.intervozes.org.br\/index.php?rest_route=%2Fwp%2Fv2%2Fcomments&post=19694"}],"version-history":[{"count":0,"href":"https:\/\/obscom.intervozes.org.br\/index.php?rest_route=\/wp\/v2\/posts\/19694\/revisions"}],"wp:attachment":[{"href":"https:\/\/obscom.intervozes.org.br\/index.php?rest_route=%2Fwp%2Fv2%2Fmedia&parent=19694"}],"wp:term":[{"taxonomy":"category","embeddable":true,"href":"https:\/\/obscom.intervozes.org.br\/index.php?rest_route=%2Fwp%2Fv2%2Fcategories&post=19694"},{"taxonomy":"post_tag","embeddable":true,"href":"https:\/\/obscom.intervozes.org.br\/index.php?rest_route=%2Fwp%2Fv2%2Ftags&post=19694"}],"curies":[{"name":"wp","href":"https:\/\/api.w.org\/{rel}","templated":true}]}}