{"id":19693,"date":"2007-11-06T17:30:07","date_gmt":"2007-11-06T17:30:07","guid":{"rendered":"https:\/\/obscom.intervozes.org.br\/wordpress\/?p=19693"},"modified":"2007-11-06T17:30:07","modified_gmt":"2007-11-06T17:30:07","slug":"annenberg-assume-presidencia-da-associacao-brasileira-de-tv-por-assinatura","status":"publish","type":"post","link":"https:\/\/obscom.intervozes.org.br\/?p=19693","title":{"rendered":"Annenberg assume presid\u00eancia da Associa\u00e7\u00e3o Brasileira de TV por Assinatura"},"content":{"rendered":"<p><span>O novo corpo diretivo da ABTA (Associa&ccedil;&atilde;o Brasileira de TV por Assinatura) foi eleito nesta segunda-feira, dia 5. Alexandre Annenberg, atual diretor-executivo da entidade, foi indicado para o cargo de presidente-executivo. Ele atua no segmento desde 1990, tendo exercido cargos de dire&ccedil;&atilde;o na Net e na TVA, al&eacute;m de ter sido s&oacute;cio em opera&ccedil;&otilde;es de TV a cabo. Participou tamb&eacute;m do Comit&ecirc; Consultivo do Sistema Brasileiro de Televis&atilde;o Digital (SBTVD). Annenberg acumula tamb&eacute;m o cargo de presidente do Sindicato das Empresas de TV por Assinatura (Seta).<\/p>\n<p><\/span><span>Confira a nova forma&ccedil;&atilde;o do conselho diretor da ABTA:<\/p>\n<p><\/span><span>*Vice-Presidente Cabo: Francisco Valim (Net Servi&ccedil;os), suplente Fernando Magalh&atilde;es<br \/><\/span><span>*Vice-Presidente DTH: Luiz Eduardo Baptista (Sky), suplente Adir de Souza Matos<br \/><\/span><span>*Vice-Presidente MMDS: Carlos Andr&eacute; Albuquerque (ITSA), suplente Carlos Barreiros (ACOM)<br \/><\/span><span>*Vice-Presidente Jur&iacute;dico: Andr&eacute; Muller Borges (Net Servi&ccedil;os), suplente Ant&ocirc;nio Roberto Sales Baptista<br \/><\/span><span>*Vice-Presidente Programa&ccedil;&atilde;o: Anthony Doyle (Turner), suplente Edmar Souza<br \/><\/span><span>*Vice-Presidente Banda Larga: Luis Carlos Balieiro (TVA), suplente Leila Loria<br \/><\/span><span>*Vice-Presidente Tecnologia: Ant&ocirc;nio Jo&atilde;o Filho, (Tele Design), suplente Ant&ocirc;nio Carlos Martelleto<br \/><\/span><span>*Vice-Presidente Marketing: Fernando Ramos (Nnet Brasil), suplente Ana Maria Gemigniani (Globosat)<br \/><\/span><span>*Vice-Presidente Rela&ccedil;&otilde;es Institucionais: Fernando Mousinho (Net Servi&ccedil;os)<br \/><\/span><span>*Vice-Presidente Administrativo-Financeiro: Paulo C&eacute;zar Martins (Viacabo), suplente Ant&ocirc;nio Salles Teixeira Neto<br \/><\/span><span>*Vice-Presidente: Gustavo Leme (Fox), suplente Marcio Fonseca<br \/><\/span><span>*Vice-Presidente: Ricardo Rihan (Abril), suplente Lara Andrade. <\/span><\/p>\n","protected":false},"excerpt":{"rendered":"<p>O novo corpo diretivo da ABTA (Associa&ccedil;&atilde;o Brasileira de TV por Assinatura) foi eleito nesta segunda-feira, dia 5. Alexandre Annenberg, atual diretor-executivo da entidade, foi indicado para o cargo de presidente-executivo. Ele atua no segmento desde 1990, tendo exercido cargos de dire&ccedil;&atilde;o na Net e na TVA, al&eacute;m de ter sido s&oacute;cio em opera&ccedil;&otilde;es de &hellip; <a href=\"https:\/\/obscom.intervozes.org.br\/?p=19693\" class=\"more-link\">Continue lendo <span class=\"screen-reader-text\">Annenberg assume presid\u00eancia da Associa\u00e7\u00e3o Brasileira de TV por Assinatura<\/span> <span class=\"meta-nav\">&rarr;<\/span><\/a><\/p>\n","protected":false},"author":1,"featured_media":0,"comment_status":"open","ping_status":"open","sticky":false,"template":"","format":"standard","meta":{"footnotes":""},"categories":[40],"tags":[521],"_links":{"self":[{"href":"https:\/\/obscom.intervozes.org.br\/index.php?rest_route=\/wp\/v2\/posts\/19693"}],"collection":[{"href":"https:\/\/obscom.intervozes.org.br\/index.php?rest_route=\/wp\/v2\/posts"}],"about":[{"href":"https:\/\/obscom.intervozes.org.br\/index.php?rest_route=\/wp\/v2\/types\/post"}],"author":[{"embeddable":true,"href":"https:\/\/obscom.intervozes.org.br\/index.php?rest_route=\/wp\/v2\/users\/1"}],"replies":[{"embeddable":true,"href":"https:\/\/obscom.intervozes.org.br\/index.php?rest_route=%2Fwp%2Fv2%2Fcomments&post=19693"}],"version-history":[{"count":0,"href":"https:\/\/obscom.intervozes.org.br\/index.php?rest_route=\/wp\/v2\/posts\/19693\/revisions"}],"wp:attachment":[{"href":"https:\/\/obscom.intervozes.org.br\/index.php?rest_route=%2Fwp%2Fv2%2Fmedia&parent=19693"}],"wp:term":[{"taxonomy":"category","embeddable":true,"href":"https:\/\/obscom.intervozes.org.br\/index.php?rest_route=%2Fwp%2Fv2%2Fcategories&post=19693"},{"taxonomy":"post_tag","embeddable":true,"href":"https:\/\/obscom.intervozes.org.br\/index.php?rest_route=%2Fwp%2Fv2%2Ftags&post=19693"}],"curies":[{"name":"wp","href":"https:\/\/api.w.org\/{rel}","templated":true}]}}