{"id":19690,"date":"2007-11-06T15:29:35","date_gmt":"2007-11-06T15:29:35","guid":{"rendered":"https:\/\/obscom.intervozes.org.br\/wordpress\/?p=19690"},"modified":"2007-11-06T15:29:35","modified_gmt":"2007-11-06T15:29:35","slug":"quando-acao-por-difamacao-fere-a-liberdade-de-expressao","status":"publish","type":"post","link":"https:\/\/obscom.intervozes.org.br\/?p=19690","title":{"rendered":"Quando a\u00e7\u00e3o por difama\u00e7\u00e3o fere a liberdade de express\u00e3o"},"content":{"rendered":"<p>Quando um processo por difama&ccedil;&atilde;o fere a liberdade de express&atilde;o? Para tirar as d&uacute;vidas, o Ifex, Interc&acirc;mbio Internacional pela Liberdade de Express&atilde;o, divulgou um guia de princ&iacute;pios para seus membros. Com sete pontos, o guia do Ifex &egrave; muito claro: legisla&ccedil;&atilde;o que prev&ecirc; cadeia para crime de difama&ccedil;&atilde;o, penas desproporcionais &agrave; ofensa, multas que inviabilizam a sa&uacute;de econ&ocirc;mica, s&atilde;o todos sinais que juntos ou isoladamente identificam a viola&ccedil;&atilde;o da liberdade de informa&ccedil;&atilde;o. <\/p>\n<p>Com 78 membros em todo o mundo, o Ifex monitora viola&ccedil;&otilde;es a liberdade de express&atilde;o, recebe e retransmite alertas sobre esses abusos e coordena a troca de experi&ecirc;ncias para preven&ccedil;&atilde;o e combate a esse tipo de viola&ccedil;&atilde;o. Desde o &uacute;ltimo dia 11, a organiza&ccedil;&atilde;o &eacute; representada pela Associa&ccedil;&atilde;o Brasileira de Jornalismo Investigativo (Abraji) A candidatura foi apresentada durante o encontro anual da entidade, em Montevid&eacute;u. Outras nove associa&ccedil;&otilde;es de diversos continentes, que t&ecirc;m a quest&atilde;o da liberdade de express&atilde;o entre seus principais focos, tamb&eacute;m foram aprovadas. <\/p>\n<p>Amea&ccedil;as, agress&otilde;es f&iacute;sicas ou verbais, intimida&ccedil;&otilde;es, limita&ccedil;&otilde;es em virtude do trabalho jornal&iacute;stico, entre outros, s&atilde;oviola&ccedil;&otilde;es &agrave; liberdade de express&atilde;o. Quem souber de alguma situa&ccedil;&atilde;o deste tipo, deve avisar a Abraji pelos emails laura@abraji.org.br e abraji@abraji.org.br, para que a associa&ccedil;&atilde;o possa apurar o caso. Se comprovado o abuso, a not&iacute;cia serve como registro para pressionar autoridades competentes e o caso ganha repercuss&atilde;o mundial a partir dos contatos da rede Ifex. <\/p>\n<p>Leia o guia do Ifex sobre processos por difama&ccedil;&atilde;o Nem todos os processos por difama&ccedil;&atilde;o violam a liberdade de express&atilde;o. N&atilde;o endosse qualquer alerta sobre a&ccedil;&otilde;es por difama&ccedil;&atilde;o. Uma a&ccedil;&atilde;o por difama&ccedil;&atilde;o s&oacute; viola a liberdade de express&atilde;o quando pelo menos uma das condi&ccedil;&otilde;es abaixo est&aacute; presente. Tais condi&ccedil;&otilde;es devem ser claramente explicadas no alerta: <\/p>\n<p>1) Se a legisla&ccedil;&atilde;o local prev&ecirc; a pena de pris&atilde;o para o crime de difama&ccedil;&atilde;o. O Ifex considera que ofensas tidas como difamat&oacute;rias jamais devem ser punidas com penas que levem &agrave; cadeia. <\/p>\n<p>2) Se a pena pedida ou imposta &eacute; desproporcional &agrave; ofensa. <\/p>\n<p>3) Se a pena pedida ou imposta &eacute; t&atilde;o grande que pode inviabilizar economicamente o ve&iacute;culo de comunica&ccedil;&atilde;o acusado ou impedir o jornalista de exercer o jornalismo.<\/p>\n<p>4) Se as alega&ccedil;&otilde;es sobre a pessoa supostamente difamada s&atilde;o verdadeiras (numa democracia somos facultados a dizer a verdade, mesmo se a revela&ccedil;&atilde;o dessa verdade resulte em dano &agrave; reputa&ccedil;&atilde;o de algu&eacute;m). Note: h&aacute; limita&ccedil;&otilde;es nessa quest&atilde;o, uma vez que publicar certas informa&ccedil;&otilde;es ou fotos, em especial as obtidas de forma ilegal, pode violar o direito legal &agrave; privacidade das pessoas. <\/p>\n<p>5) Se a reda&ccedil;&atilde;o ou o jornalista disp&otilde;em de raz&otilde;es para acreditar que as acusa&ccedil;&otilde;es contra as pessoas supostamente difamadas eram verdadeiras (mesmo que mais tarde se prove que n&atilde;o eram), em raz&atilde;o da credibilidade da fonte de informa&ccedil;&atilde;o, e da confirma&ccedil;&atilde;o da informa&ccedil;&atilde;o por outras fontes confi&aacute;veis. <\/p>\n<p>6) Se a a&ccedil;&atilde;o por difama&ccedil;&atilde;o tem motiva&ccedil;&atilde;o pol&iacute;tica e &eacute; direcionada a constranger a reda&ccedil;&atilde;o ou o jornalista quando tiver de criticar o governo. <\/p>\n<p>7) Se a reda&ccedil;&atilde;o de posi&ccedil;&atilde;o cr&iacute;tica contra o governo &eacute; a &uacute;nica processada por difama&ccedil;&atilde;o, enquanto s&atilde;o poupadas outras reda&ccedil;&otilde;es, que divulgaram o mesmo tipo de informa&ccedil;&atilde;o. <\/p>\n<p>Portanto, os membros do Ifex devem remeter alertas nos casos em que se aplique, pelo menos,uma das condi&ccedil;&otilde;es acima mencionadas. <\/p>\n","protected":false},"excerpt":{"rendered":"<p>Quando um processo por difama&ccedil;&atilde;o fere a liberdade de express&atilde;o? Para tirar as d&uacute;vidas, o Ifex, Interc&acirc;mbio Internacional pela Liberdade de Express&atilde;o, divulgou um guia de princ&iacute;pios para seus membros. Com sete pontos, o guia do Ifex &egrave; muito claro: legisla&ccedil;&atilde;o que prev&ecirc; cadeia para crime de difama&ccedil;&atilde;o, penas desproporcionais &agrave; ofensa, multas que inviabilizam &hellip; <a href=\"https:\/\/obscom.intervozes.org.br\/?p=19690\" class=\"more-link\">Continue lendo <span class=\"screen-reader-text\">Quando a\u00e7\u00e3o por difama\u00e7\u00e3o fere a liberdade de express\u00e3o<\/span> <span class=\"meta-nav\">&rarr;<\/span><\/a><\/p>\n","protected":false},"author":1,"featured_media":0,"comment_status":"open","ping_status":"open","sticky":false,"template":"","format":"standard","meta":{"footnotes":""},"categories":[42],"tags":[66],"_links":{"self":[{"href":"https:\/\/obscom.intervozes.org.br\/index.php?rest_route=\/wp\/v2\/posts\/19690"}],"collection":[{"href":"https:\/\/obscom.intervozes.org.br\/index.php?rest_route=\/wp\/v2\/posts"}],"about":[{"href":"https:\/\/obscom.intervozes.org.br\/index.php?rest_route=\/wp\/v2\/types\/post"}],"author":[{"embeddable":true,"href":"https:\/\/obscom.intervozes.org.br\/index.php?rest_route=\/wp\/v2\/users\/1"}],"replies":[{"embeddable":true,"href":"https:\/\/obscom.intervozes.org.br\/index.php?rest_route=%2Fwp%2Fv2%2Fcomments&post=19690"}],"version-history":[{"count":0,"href":"https:\/\/obscom.intervozes.org.br\/index.php?rest_route=\/wp\/v2\/posts\/19690\/revisions"}],"wp:attachment":[{"href":"https:\/\/obscom.intervozes.org.br\/index.php?rest_route=%2Fwp%2Fv2%2Fmedia&parent=19690"}],"wp:term":[{"taxonomy":"category","embeddable":true,"href":"https:\/\/obscom.intervozes.org.br\/index.php?rest_route=%2Fwp%2Fv2%2Fcategories&post=19690"},{"taxonomy":"post_tag","embeddable":true,"href":"https:\/\/obscom.intervozes.org.br\/index.php?rest_route=%2Fwp%2Fv2%2Ftags&post=19690"}],"curies":[{"name":"wp","href":"https:\/\/api.w.org\/{rel}","templated":true}]}}