{"id":19687,"date":"2007-11-06T15:14:32","date_gmt":"2007-11-06T15:14:32","guid":{"rendered":"https:\/\/obscom.intervozes.org.br\/wordpress\/?p=19687"},"modified":"2007-11-06T15:14:32","modified_gmt":"2007-11-06T15:14:32","slug":"medida-provisoria-libera-recursos-para-empresa-brasil-de-comunicacao","status":"publish","type":"post","link":"https:\/\/obscom.intervozes.org.br\/?p=19687","title":{"rendered":"Medida Provis\u00f3ria libera recursos para Empresa Brasil de Comunica\u00e7\u00e3o"},"content":{"rendered":"<p>A C&acirc;mara dos Deputados analisa a Medida Provis&oacute;ria 400\/07, que abre cr&eacute;ditos extraordin&aacute;rios de R$ 50 milh&otilde;es para a instala&ccedil;&atilde;o da Empresa Brasil de Comunica&ccedil;&atilde;o (EBC &#8211; TV P&uacute;blica\/TV Brasil) e para o Minist&eacute;rio da Sa&uacute;de realizar campanhas educativas de combate &agrave; dengue e de redu&ccedil;&atilde;o da incid&ecirc;ncia da aids. <\/p>\n<p>No caso da TV P&uacute;blica, a MP destina R$ 20 milh&otilde;es como aporte do capital inicial da EBC. O Executivo justifica a proposta com o argumento de que h&aacute; necessidade &quot;premente&quot; de instala&ccedil;&atilde;o e funcionamento da empresa para &quot;permitir a sua atua&ccedil;&atilde;o imediata no estabelecimento de um sistema complementar ao sistema privado de presta&ccedil;&atilde;o de servi&ccedil;os de radiodifus&atilde;o&quot;. O governo tamb&eacute;m considera o recurso importante para garantir o in&iacute;cio das transmiss&otilde;es de televis&atilde;o digital no Pa&iacute;s, previsto para dezembro deste ano.<\/p>\n<p>As informa&ccedil;&otilde;es s&atilde;o da Ag&ecirc;ncia C&acirc;mara.<\/p>\n","protected":false},"excerpt":{"rendered":"<p>A C&acirc;mara dos Deputados analisa a Medida Provis&oacute;ria 400\/07, que abre cr&eacute;ditos extraordin&aacute;rios de R$ 50 milh&otilde;es para a instala&ccedil;&atilde;o da Empresa Brasil de Comunica&ccedil;&atilde;o (EBC &#8211; TV P&uacute;blica\/TV Brasil) e para o Minist&eacute;rio da Sa&uacute;de realizar campanhas educativas de combate &agrave; dengue e de redu&ccedil;&atilde;o da incid&ecirc;ncia da aids. No caso da TV P&uacute;blica, &hellip; <a href=\"https:\/\/obscom.intervozes.org.br\/?p=19687\" class=\"more-link\">Continue lendo <span class=\"screen-reader-text\">Medida Provis\u00f3ria libera recursos para Empresa Brasil de Comunica\u00e7\u00e3o<\/span> <span class=\"meta-nav\">&rarr;<\/span><\/a><\/p>\n","protected":false},"author":1,"featured_media":0,"comment_status":"open","ping_status":"open","sticky":false,"template":"","format":"standard","meta":{"footnotes":""},"categories":[39],"tags":[],"_links":{"self":[{"href":"https:\/\/obscom.intervozes.org.br\/index.php?rest_route=\/wp\/v2\/posts\/19687"}],"collection":[{"href":"https:\/\/obscom.intervozes.org.br\/index.php?rest_route=\/wp\/v2\/posts"}],"about":[{"href":"https:\/\/obscom.intervozes.org.br\/index.php?rest_route=\/wp\/v2\/types\/post"}],"author":[{"embeddable":true,"href":"https:\/\/obscom.intervozes.org.br\/index.php?rest_route=\/wp\/v2\/users\/1"}],"replies":[{"embeddable":true,"href":"https:\/\/obscom.intervozes.org.br\/index.php?rest_route=%2Fwp%2Fv2%2Fcomments&post=19687"}],"version-history":[{"count":0,"href":"https:\/\/obscom.intervozes.org.br\/index.php?rest_route=\/wp\/v2\/posts\/19687\/revisions"}],"wp:attachment":[{"href":"https:\/\/obscom.intervozes.org.br\/index.php?rest_route=%2Fwp%2Fv2%2Fmedia&parent=19687"}],"wp:term":[{"taxonomy":"category","embeddable":true,"href":"https:\/\/obscom.intervozes.org.br\/index.php?rest_route=%2Fwp%2Fv2%2Fcategories&post=19687"},{"taxonomy":"post_tag","embeddable":true,"href":"https:\/\/obscom.intervozes.org.br\/index.php?rest_route=%2Fwp%2Fv2%2Ftags&post=19687"}],"curies":[{"name":"wp","href":"https:\/\/api.w.org\/{rel}","templated":true}]}}