{"id":19682,"date":"2007-11-06T11:31:16","date_gmt":"2007-11-06T11:31:16","guid":{"rendered":"https:\/\/obscom.intervozes.org.br\/wordpress\/?p=19682"},"modified":"2007-11-06T11:31:16","modified_gmt":"2007-11-06T11:31:16","slug":"anatel-publica-anuencia-previa-para-a-entrada-da-telefonica-na-ti","status":"publish","type":"post","link":"https:\/\/obscom.intervozes.org.br\/?p=19682","title":{"rendered":"Anatel publica anu\u00eancia pr\u00e9via para a entrada da Telef\u00f3nica na TI"},"content":{"rendered":"<p>A Anatel publicou nesta segunda-feira, 5, ato autorizando formalmente a entrada de Telef&oacute;nica no controle da Telecom Italia. A anu&ecirc;ncia pr&eacute;via inclui as dezenas de restri&ccedil;&otilde;es estabelecidas pelo conselho diretor da ag&ecirc;ncia reguladora com o intuito de preservar a concorr&ecirc;ncia entre as operadoras Vivo e TIM em territ&oacute;rio brasileiro. Com a publica&ccedil;&atilde;o, abre-se oficialmente a contagem de seis meses para que o Grupo TIM apresente ao &oacute;rg&atilde;o regulador documentos que comprovem a submiss&atilde;o &agrave;s regras impostas pela Anatel.<\/p>\n<p>Em tempo mais curto, de tr&ecirc;s meses, as empresas ter&atilde;o que tomar provid&ecirc;ncias sobre o principal ve&iacute;culo de privil&eacute;gio da Telef&oacute;nica nas delibera&ccedil;&otilde;es dos conselhos da Telecom Italia, de acordo com a an&aacute;lise da ag&ecirc;ncia. Tratam-se das A&ccedil;&otilde;es de Classe B &ndash; todas detidas pela Telef&ocirc;nica S.A. &ndash; com as quais a empresa teria uma esp&eacute;cie de controle societ&aacute;rio das atividades da companhia italiana, na medida em que os pap&eacute;is lhe d&atilde;o direito de indicar conselheiros e diretores, al&eacute;m de garantir a participa&ccedil;&atilde;o da empresa nas reuni&otilde;es de conselho. <\/p>\n<p>Para evitar esse cruzamento de informa&ccedil;&otilde;es entre duas concorrentes no mercado brasileiro, a Anatel exigiu que, no prazo de 30 dias contados a partir desta segunda, 5, sejam realizadas reuni&otilde;es dos conselhos da Telco S.p.A., da Ol&iacute;mpia S.p.A. e da Telecom Italia S.p.A. onde deve ser deliberada a restri&ccedil;&atilde;o da participa&ccedil;&atilde;o das a&ccedil;&otilde;es de Classe B nos c&iacute;rculos deliberativos. Dentro do mesmo prazo as empresas ter&atilde;o que relatar &agrave; ag&ecirc;ncia reguladora quais as provid&ecirc;ncias foram tomadas, apresentando as atas dos encontros. <\/p>\n<p>Na decis&atilde;o tomada pelo conselho diretor h&aacute; duas semanas, a Anatel vetou ainda a participa&ccedil;&atilde;o da Telef&ocirc;nica em qualquer inst&acirc;ncia nas delibera&ccedil;&otilde;es que envolvam o servi&ccedil;o de telefonia m&oacute;vel oferecido no Brasil. A ag&ecirc;ncia tamb&eacute;m proibiu acordos comerciais que envolvam a compra de equipamentos para uso pr&oacute;prio ou revenda, assim como o compartilhamento de planos estrat&eacute;gicos na opera&ccedil;&atilde;o celular. <\/p>\n<p><strong>Cade<\/strong> <\/p>\n<p>A parte concorrencial da opera&ccedil;&atilde;o pode ser objeto de mais algumas restri&ccedil;&otilde;es, pois a compra ainda n&atilde;o foi analisada pelo Conselho Administrativo de Defesa Econ&ocirc;mica (Cade). Por outro lado, a pend&ecirc;ncia tamb&eacute;m pode ser ben&eacute;fica &agrave;s empresas, uma vez que o &oacute;rg&atilde;o especializado na an&aacute;lise da concorr&ecirc;ncia tamb&eacute;m tem liberdade para alterar as imposi&ccedil;&otilde;es da Anatel com rela&ccedil;&atilde;o a este tema, se ach&aacute;-las restritivas demais. O Cade continua aguardando que a ag&ecirc;ncia encaminhe o processo para poder estud&aacute;-lo. <\/p>\n<p>Segundo o presidente da ag&ecirc;ncia, embaixador Ronaldo Sardenberg, existe um esfor&ccedil;o na Anatel para acelerar todas as pend&ecirc;ncias e tentar resolv&ecirc;-las o mais rapidamente poss&iacute;vel. Entre elas, diz Sardenberg, est&aacute; justamente a an&aacute;lise do ato de concentra&ccedil;&atilde;o decorrente da anu&ecirc;ncia pr&eacute;via, que dever&aacute; ser encaminhado ao Cade nas pr&oacute;ximas semanas. <\/p>\n","protected":false},"excerpt":{"rendered":"<p>A Anatel publicou nesta segunda-feira, 5, ato autorizando formalmente a entrada de Telef&oacute;nica no controle da Telecom Italia. A anu&ecirc;ncia pr&eacute;via inclui as dezenas de restri&ccedil;&otilde;es estabelecidas pelo conselho diretor da ag&ecirc;ncia reguladora com o intuito de preservar a concorr&ecirc;ncia entre as operadoras Vivo e TIM em territ&oacute;rio brasileiro. Com a publica&ccedil;&atilde;o, abre-se oficialmente a &hellip; <a href=\"https:\/\/obscom.intervozes.org.br\/?p=19682\" class=\"more-link\">Continue lendo <span class=\"screen-reader-text\">Anatel publica anu\u00eancia pr\u00e9via para a entrada da Telef\u00f3nica na TI<\/span> <span class=\"meta-nav\">&rarr;<\/span><\/a><\/p>\n","protected":false},"author":1,"featured_media":0,"comment_status":"open","ping_status":"open","sticky":false,"template":"","format":"standard","meta":{"footnotes":""},"categories":[40],"tags":[240],"_links":{"self":[{"href":"https:\/\/obscom.intervozes.org.br\/index.php?rest_route=\/wp\/v2\/posts\/19682"}],"collection":[{"href":"https:\/\/obscom.intervozes.org.br\/index.php?rest_route=\/wp\/v2\/posts"}],"about":[{"href":"https:\/\/obscom.intervozes.org.br\/index.php?rest_route=\/wp\/v2\/types\/post"}],"author":[{"embeddable":true,"href":"https:\/\/obscom.intervozes.org.br\/index.php?rest_route=\/wp\/v2\/users\/1"}],"replies":[{"embeddable":true,"href":"https:\/\/obscom.intervozes.org.br\/index.php?rest_route=%2Fwp%2Fv2%2Fcomments&post=19682"}],"version-history":[{"count":0,"href":"https:\/\/obscom.intervozes.org.br\/index.php?rest_route=\/wp\/v2\/posts\/19682\/revisions"}],"wp:attachment":[{"href":"https:\/\/obscom.intervozes.org.br\/index.php?rest_route=%2Fwp%2Fv2%2Fmedia&parent=19682"}],"wp:term":[{"taxonomy":"category","embeddable":true,"href":"https:\/\/obscom.intervozes.org.br\/index.php?rest_route=%2Fwp%2Fv2%2Fcategories&post=19682"},{"taxonomy":"post_tag","embeddable":true,"href":"https:\/\/obscom.intervozes.org.br\/index.php?rest_route=%2Fwp%2Fv2%2Ftags&post=19682"}],"curies":[{"name":"wp","href":"https:\/\/api.w.org\/{rel}","templated":true}]}}