{"id":19678,"date":"2007-11-05T16:34:11","date_gmt":"2007-11-05T16:34:11","guid":{"rendered":"https:\/\/obscom.intervozes.org.br\/wordpress\/?p=19678"},"modified":"2007-11-05T16:34:11","modified_gmt":"2007-11-05T16:34:11","slug":"projeto-reconhece-radios-comunitarias-mas-as-mantem-em-condicoes-desiguais","status":"publish","type":"post","link":"https:\/\/obscom.intervozes.org.br\/?p=19678","title":{"rendered":"Projeto reconhece r\u00e1dios comunit\u00e1rias, mas as mant\u00eam em condi\u00e7\u00f5es desiguais"},"content":{"rendered":"<p style=\"margin: 0cm 0cm 0pt\" class=\"MsoNormal\"><span><em>El gobierno chileno present&oacute; el mes pasado ante el Congreso Nacional un proyecto de ley para reconocer legalmente la radiodifusi&oacute;n comunitaria en el pa&iacute;s. La iniciativa mantiene condiciones desiguales de acceso a frecuencias para medios comunitarios.<\/p>\n<p><\/em><\/span><span>La iniciativa plantea l&iacute;mites previos a las potencias de las radios comunitarias y la prohibici&oacute;n a colectivos comunitarios de acceder a medios masivos como la televisi&oacute;n y las radios de amplitud modulada (AM). <\/span><span>El proyecto establece que las radios comunitarias s&oacute;lo pueden hacer transmisiones de 25 vatios, y excepcionalmente de 40 vatios.<\/p>\n<p><\/span><span>La propuesta contempla el derecho de obtener s&oacute;lo un porcentaje de recursos econ&oacute;micos mediante publicidad y asegura ciertos espacios de reserva de espectro para medios comunitarios.<\/p>\n<p><\/span><span>Sin embargo, el proyecto expresa un reconocimiento explicito al sector y presenta avances respecto de la vigente Ley de Telecomunicaciones, como la extensi&oacute;n del plazo de concesi&oacute;n de 3 a 15 a&ntilde;os.<\/p>\n<p><\/span><span>El Programa de Legislaciones y Derecho a la Comunicaci&oacute;n de la Asociaci&oacute;n Mundial de Radios Comunitarias para Am&eacute;rica Latina y el Caribe (AMARC-ALC) expres&oacute; que la aprobaci&oacute;n del texto en estas condiciones supondr&iacute;a una forma de censura indirecta al no garantizarse un acceso equitativo de todos los sectores sociales al uso del espectro radioel&eacute;ctrico.<\/span><\/p>\n","protected":false},"excerpt":{"rendered":"<p>El gobierno chileno present&oacute; el mes pasado ante el Congreso Nacional un proyecto de ley para reconocer legalmente la radiodifusi&oacute;n comunitaria en el pa&iacute;s. La iniciativa mantiene condiciones desiguales de acceso a frecuencias para medios comunitarios. La iniciativa plantea l&iacute;mites previos a las potencias de las radios comunitarias y la prohibici&oacute;n a colectivos comunitarios de &hellip; <a href=\"https:\/\/obscom.intervozes.org.br\/?p=19678\" class=\"more-link\">Continue lendo <span class=\"screen-reader-text\">Projeto reconhece r\u00e1dios comunit\u00e1rias, mas as mant\u00eam em condi\u00e7\u00f5es desiguais<\/span> <span class=\"meta-nav\">&rarr;<\/span><\/a><\/p>\n","protected":false},"author":1,"featured_media":0,"comment_status":"open","ping_status":"open","sticky":false,"template":"","format":"standard","meta":{"footnotes":""},"categories":[40],"tags":[516],"_links":{"self":[{"href":"https:\/\/obscom.intervozes.org.br\/index.php?rest_route=\/wp\/v2\/posts\/19678"}],"collection":[{"href":"https:\/\/obscom.intervozes.org.br\/index.php?rest_route=\/wp\/v2\/posts"}],"about":[{"href":"https:\/\/obscom.intervozes.org.br\/index.php?rest_route=\/wp\/v2\/types\/post"}],"author":[{"embeddable":true,"href":"https:\/\/obscom.intervozes.org.br\/index.php?rest_route=\/wp\/v2\/users\/1"}],"replies":[{"embeddable":true,"href":"https:\/\/obscom.intervozes.org.br\/index.php?rest_route=%2Fwp%2Fv2%2Fcomments&post=19678"}],"version-history":[{"count":0,"href":"https:\/\/obscom.intervozes.org.br\/index.php?rest_route=\/wp\/v2\/posts\/19678\/revisions"}],"wp:attachment":[{"href":"https:\/\/obscom.intervozes.org.br\/index.php?rest_route=%2Fwp%2Fv2%2Fmedia&parent=19678"}],"wp:term":[{"taxonomy":"category","embeddable":true,"href":"https:\/\/obscom.intervozes.org.br\/index.php?rest_route=%2Fwp%2Fv2%2Fcategories&post=19678"},{"taxonomy":"post_tag","embeddable":true,"href":"https:\/\/obscom.intervozes.org.br\/index.php?rest_route=%2Fwp%2Fv2%2Ftags&post=19678"}],"curies":[{"name":"wp","href":"https:\/\/api.w.org\/{rel}","templated":true}]}}