{"id":19676,"date":"2007-11-05T16:15:38","date_gmt":"2007-11-05T16:15:38","guid":{"rendered":"https:\/\/obscom.intervozes.org.br\/wordpress\/?p=19676"},"modified":"2007-11-05T16:15:38","modified_gmt":"2007-11-05T16:15:38","slug":"justica-manda-google-apagar-pagina-ofensiva-a-mulher","status":"publish","type":"post","link":"https:\/\/obscom.intervozes.org.br\/?p=19676","title":{"rendered":"Justi\u00e7a manda Google apagar p\u00e1gina ofensiva \u00e0 mulher"},"content":{"rendered":"<p>A Google Brasil deve apagar p&aacute;gina do Orkut que traz mensagens ofensivas a uma moradora de Cuiab&aacute;. Na p&aacute;gina, a cidad&atilde; &eacute; tachada de &#39;a caloteira&#39;. A empresa tamb&eacute;m deve excluir os sites sob sua responsabilidade que tenham outras manifesta&ccedil;&otilde;es que causem dano &agrave; honra da autora da a&ccedil;&atilde;o. A decis&atilde;o liminar &eacute; do juiz Yale Sabo Mendes, no Juizado Especial do Planalto, em Cuiab&aacute; (MT). <\/p>\n<p>No m&eacute;rito, a autora da a&ccedil;&atilde;o pede indeniza&ccedil;&atilde;o por dano moral causado a sua imagem. Segundo o juiz, a liminar foi deferida para evitar preju&iacute;zos morais e socioecon&ocirc;micos.<\/p>\n<p>Mendes observou ainda que os documentos comprovam que a autora da a&ccedil;&atilde;o est&aacute; sofrendo dano moral por causa das frases e palavras publicadas nas comunidades. <\/p>\n<p>&#39;O dano moral sofrido &eacute; de dif&iacute;cil repara&ccedil;&atilde;o, e, se n&atilde;o concedida &agrave; medida de urg&ecirc;ncia, o abalo moral aumentar&aacute;, uma vez que a cada dia s&atilde;o colocadas novas ofensas na internet, al&eacute;m do acesso f&aacute;cil de v&aacute;rias pessoas a estas comunidades&rsquo;, ressaltou Mendes. <\/p>\n<p>Se n&atilde;o cumprir a decis&atilde;o, a Google deve pagar multa di&aacute;ria prevista no C&oacute;digo de Processo Civil, estipulada em R$ 200 mensais. &#39;A manuten&ccedil;&atilde;o da multa contribuir&aacute;, a toda evid&ecirc;ncia, de maneira h&aacute;bil, r&aacute;pida e eficiente para a solu&ccedil;&atilde;o da lide, coibindo de forma clara a resist&ecirc;ncia da parte em solucionar o lit&iacute;gio&#39;, finalizou o juiz. <\/p>\n","protected":false},"excerpt":{"rendered":"<p>A Google Brasil deve apagar p&aacute;gina do Orkut que traz mensagens ofensivas a uma moradora de Cuiab&aacute;. Na p&aacute;gina, a cidad&atilde; &eacute; tachada de &#39;a caloteira&#39;. A empresa tamb&eacute;m deve excluir os sites sob sua responsabilidade que tenham outras manifesta&ccedil;&otilde;es que causem dano &agrave; honra da autora da a&ccedil;&atilde;o. A decis&atilde;o liminar &eacute; do juiz &hellip; <a href=\"https:\/\/obscom.intervozes.org.br\/?p=19676\" class=\"more-link\">Continue lendo <span class=\"screen-reader-text\">Justi\u00e7a manda Google apagar p\u00e1gina ofensiva \u00e0 mulher<\/span> <span class=\"meta-nav\">&rarr;<\/span><\/a><\/p>\n","protected":false},"author":1,"featured_media":0,"comment_status":"open","ping_status":"open","sticky":false,"template":"","format":"standard","meta":{"footnotes":""},"categories":[40],"tags":[66],"_links":{"self":[{"href":"https:\/\/obscom.intervozes.org.br\/index.php?rest_route=\/wp\/v2\/posts\/19676"}],"collection":[{"href":"https:\/\/obscom.intervozes.org.br\/index.php?rest_route=\/wp\/v2\/posts"}],"about":[{"href":"https:\/\/obscom.intervozes.org.br\/index.php?rest_route=\/wp\/v2\/types\/post"}],"author":[{"embeddable":true,"href":"https:\/\/obscom.intervozes.org.br\/index.php?rest_route=\/wp\/v2\/users\/1"}],"replies":[{"embeddable":true,"href":"https:\/\/obscom.intervozes.org.br\/index.php?rest_route=%2Fwp%2Fv2%2Fcomments&post=19676"}],"version-history":[{"count":0,"href":"https:\/\/obscom.intervozes.org.br\/index.php?rest_route=\/wp\/v2\/posts\/19676\/revisions"}],"wp:attachment":[{"href":"https:\/\/obscom.intervozes.org.br\/index.php?rest_route=%2Fwp%2Fv2%2Fmedia&parent=19676"}],"wp:term":[{"taxonomy":"category","embeddable":true,"href":"https:\/\/obscom.intervozes.org.br\/index.php?rest_route=%2Fwp%2Fv2%2Fcategories&post=19676"},{"taxonomy":"post_tag","embeddable":true,"href":"https:\/\/obscom.intervozes.org.br\/index.php?rest_route=%2Fwp%2Fv2%2Ftags&post=19676"}],"curies":[{"name":"wp","href":"https:\/\/api.w.org\/{rel}","templated":true}]}}