{"id":19668,"date":"2007-11-05T11:16:15","date_gmt":"2007-11-05T11:16:15","guid":{"rendered":"https:\/\/obscom.intervozes.org.br\/wordpress\/?p=19668"},"modified":"2007-11-05T11:16:15","modified_gmt":"2007-11-05T11:16:15","slug":"anatel-quer-mudar-canais-de-radios-comunitarias-de-26-municipios","status":"publish","type":"post","link":"https:\/\/obscom.intervozes.org.br\/?p=19668","title":{"rendered":"Anatel quer mudar canais de r\u00e1dios comunit\u00e1rias de 26 munic\u00edpios"},"content":{"rendered":"<p>A Anatel lan&ccedil;ou recentemente duas consultas p&uacute;blicas para fazer altera&ccedil;&otilde;es de canais de radiodifus&atilde;o em FM e Radcom (R&aacute;dio Comunit&aacute;ria) em diversos estados. Segundo Marconi Maya, gerente geral de Regulamenta&ccedil;&atilde;o da ag&ecirc;ncia, essas altera&ccedil;&otilde;es visam adequar o espectro radioel&eacute;trico. <\/p>\n<p>Na consulta 832, que trata de Radcom, o objetivo da proposta &eacute; substituir os canais 285 e 300, designados para a presta&ccedil;&atilde;o do servi&ccedil;o em 26 munic&iacute;pios dos estados da Bahia, Mato Grosso do Sul, Minas Gerais e Rio Grande do Sul pelos canais 253 e 254, que ser&atilde;o usados como tempor&aacute;rios em algumas regi&otilde;es at&eacute; sua substitui&ccedil;&atilde;o pelo canal exclusivo 200. &ldquo;Essa modifica&ccedil;&atilde;o &eacute; para cumprir o dispositivo da Lei de Radiodifus&atilde;o Comunit&aacute;ria, onde estabelece que o poder concedente deve designar nacionalmente um canal &uacute;nico para a execu&ccedil;&atilde;o do servi&ccedil;o&rdquo;, explicou. As contribui&ccedil;&otilde;es para essa consulta vai at&eacute; o dia 30 de novembro.<\/p>\n<p>J&aacute; a proposta 836, a Anatel vai estudar a viabilidade da mudan&ccedil;a de pot&ecirc;ncia dos transmissores de FM nas localidades e, em alguns casos, alterar o canal de freq&uuml;&ecirc;ncia envolvendo 15 cidades dos estados de Alagoas, Bahia, Goi&aacute;s, Minas Gerais, Mato Grosso do Sul, Para&iacute;ba, Paran&aacute;, Rio Grande do Sul e S&atilde;o Paulo. Maya explicou que, neste caso, a ag&ecirc;ncia realiza a consulta por demanda do Minicom, que repassa os pedidos de altera&ccedil;&otilde;es t&eacute;cnicas para o &oacute;rg&atilde;o regulador, que tem a responsabilidade de fazer os estudos para saber se &eacute; poss&iacute;vel ou n&atilde;o proceder nas altera&ccedil;&otilde;es t&eacute;cnicas. Essa consulta ser&aacute; encerrada no dia 23 deste m&ecirc;s.<\/p>\n<p>Pelo texto das propostas, os regulamentos pretendem verificar o uso racional e econ&ocirc;mico do espectro de freq&uuml;&ecirc;ncias, inclusive pela utiliza&ccedil;&atilde;o da pot&ecirc;ncia m&iacute;nima necess&aacute;ria para assegurar, economicamente, um servi&ccedil;o de boa qualidade.&nbsp; <\/p>\n","protected":false},"excerpt":{"rendered":"<p>A Anatel lan&ccedil;ou recentemente duas consultas p&uacute;blicas para fazer altera&ccedil;&otilde;es de canais de radiodifus&atilde;o em FM e Radcom (R&aacute;dio Comunit&aacute;ria) em diversos estados. Segundo Marconi Maya, gerente geral de Regulamenta&ccedil;&atilde;o da ag&ecirc;ncia, essas altera&ccedil;&otilde;es visam adequar o espectro radioel&eacute;trico. Na consulta 832, que trata de Radcom, o objetivo da proposta &eacute; substituir os canais 285 &hellip; <a href=\"https:\/\/obscom.intervozes.org.br\/?p=19668\" class=\"more-link\">Continue lendo <span class=\"screen-reader-text\">Anatel quer mudar canais de r\u00e1dios comunit\u00e1rias de 26 munic\u00edpios<\/span> <span class=\"meta-nav\">&rarr;<\/span><\/a><\/p>\n","protected":false},"author":1,"featured_media":0,"comment_status":"open","ping_status":"open","sticky":false,"template":"","format":"standard","meta":{"footnotes":""},"categories":[40],"tags":[155],"_links":{"self":[{"href":"https:\/\/obscom.intervozes.org.br\/index.php?rest_route=\/wp\/v2\/posts\/19668"}],"collection":[{"href":"https:\/\/obscom.intervozes.org.br\/index.php?rest_route=\/wp\/v2\/posts"}],"about":[{"href":"https:\/\/obscom.intervozes.org.br\/index.php?rest_route=\/wp\/v2\/types\/post"}],"author":[{"embeddable":true,"href":"https:\/\/obscom.intervozes.org.br\/index.php?rest_route=\/wp\/v2\/users\/1"}],"replies":[{"embeddable":true,"href":"https:\/\/obscom.intervozes.org.br\/index.php?rest_route=%2Fwp%2Fv2%2Fcomments&post=19668"}],"version-history":[{"count":0,"href":"https:\/\/obscom.intervozes.org.br\/index.php?rest_route=\/wp\/v2\/posts\/19668\/revisions"}],"wp:attachment":[{"href":"https:\/\/obscom.intervozes.org.br\/index.php?rest_route=%2Fwp%2Fv2%2Fmedia&parent=19668"}],"wp:term":[{"taxonomy":"category","embeddable":true,"href":"https:\/\/obscom.intervozes.org.br\/index.php?rest_route=%2Fwp%2Fv2%2Fcategories&post=19668"},{"taxonomy":"post_tag","embeddable":true,"href":"https:\/\/obscom.intervozes.org.br\/index.php?rest_route=%2Fwp%2Fv2%2Ftags&post=19668"}],"curies":[{"name":"wp","href":"https:\/\/api.w.org\/{rel}","templated":true}]}}