{"id":19664,"date":"2007-11-01T22:27:13","date_gmt":"2007-11-01T22:27:13","guid":{"rendered":"https:\/\/obscom.intervozes.org.br\/wordpress\/?p=19664"},"modified":"2007-11-01T22:27:13","modified_gmt":"2007-11-01T22:27:13","slug":"entidades-lancam-rede-pela-democratizacao-da-comunicacao","status":"publish","type":"post","link":"https:\/\/obscom.intervozes.org.br\/?p=19664","title":{"rendered":"Entidades lan\u00e7am Rede pela Democratiza\u00e7\u00e3o da Comunica\u00e7\u00e3o"},"content":{"rendered":"<p style=\"margin: 0cm 0cm 0pt\" class=\"MsoNormal\"><span>Com o apoio de mais de duzentos ativistas de 32 organiza&ccedil;&otilde;es presentes ao I Encontro Paulista pela Democratiza&ccedil;&atilde;o da Comunica&ccedil;&atilde;o e da Cultura, realizado entre os dias 19 e 21 de outubro, foi lan&ccedil;ada a Rede Paulista pela Democratiza&ccedil;&atilde;o da Comunica&ccedil;&atilde;o e da Cultura. Resultado da iniciativa das entidades que tradicionalmente organizam a Semana Nacional pela Democratiza&ccedil;&atilde;o da Comunica&ccedil;&atilde;o no estado, a rede rec&eacute;m-lan&ccedil;ada tem o intuito de estabelecer um di&aacute;logo permanente entre as organiza&ccedil;&otilde;es que atuam ou buscam atuar nas quest&otilde;es ligadas &agrave; comunica&ccedil;&atilde;o e &agrave; cultura.<\/p>\n<p><\/span><span>O processo de forma&ccedil;&atilde;o da rede come&ccedil;ou no final de 2006, durante o semin&aacute;rio preparat&oacute;rio para o Encontro. A partir da&iacute;, definiram-se seis eixos de discuss&atilde;o: pluralidade e diversidade de meios de comunica&ccedil;&atilde;o; m&iacute;dias livres, populares e comunit&aacute;rias; comunica&ccedil;&atilde;o e educa&ccedil;&atilde;o; m&iacute;dia, &eacute;tica e viola&ccedil;&atilde;o de direitos humanos; converg&ecirc;ncia, internet e inclus&atilde;o digital; pol&iacute;ticas culturais e do audiovisual. <\/p>\n<p><\/span><span>No Encontro Paulista, os debates em torno das bandeiras, a&ccedil;&otilde;es e funcionamento foram contemplados em pain&eacute;is e grupos de discuss&otilde;es, sendo a forma&ccedil;&atilde;o da rede em si reservada ao &uacute;ltimo dia do evento. &ldquo;Cada eixo foi debatido separadamente e depois houve grupos de discuss&atilde;o para a defini&ccedil;&atilde;o das bandeiras de luta e das propostas de a&ccedil;&atilde;o, estabelecidos por consenso na plen&aacute;ria final&rdquo;, explica F&aacute;tima Nassif, do Conselho Regional de Psicologia, uma das organiza&ccedil;&otilde;es que integram a rede. <\/p>\n<p><\/span><span><strong>Objetivos e perspectivas<\/p>\n<p><\/strong><\/span><span>Uma das fun&ccedil;&otilde;es do novo f&oacute;rum ser&aacute; a de disseminar a pauta das entidades, possibilitando a articula&ccedil;&atilde;o de movimentos que atuam em diversas &aacute;reas. &ldquo;A forma&ccedil;&atilde;o da rede representa um importante passo para que a quest&atilde;o de uma comunica&ccedil;&atilde;o democr&aacute;tica seja apropriada por todos os setores dos movimentos sociais&rdquo;, explica J&uacute;lio Delmanto, membro da Enecos (Executiva Nacional dos Estudantes de Comunica&ccedil;&atilde;o Social). A constata&ccedil;&atilde;o tamb&eacute;m &eacute; feita por Bia Barbosa, do Intervozes: &ldquo;a comunica&ccedil;&atilde;o e a cultura precisam, definitivamente, deixar de serem debatidas apenas por &lsquo;especialistas&rsquo;&rdquo;.<\/p>\n<p><\/span><span>Entre os participantes, a democratiza&ccedil;&atilde;o da comunica&ccedil;&atilde;o &eacute; apontada como fundamental para a garantia de direitos e a constitui&ccedil;&atilde;o de uma verdadeira democracia no pa&iacute;s. &ldquo;As transforma&ccedil;&otilde;es necess&aacute;rias na sociedade brasileira s&oacute; ser&atilde;o alcan&ccedil;adas com democracia na m&iacute;dia&rdquo;, diz Fernanda Estima, da Marcha Mundial das Mulheres. Fernanda constesta, por exemplo, a imagem da mulher transmitida pela m&iacute;dia, especialmente pela TV. &ldquo;De novelas aos programas de humor, passando pelos notici&aacute;rios, todos eles, sem exce&ccedil;&atilde;o, refor&ccedil;am preconceitos, o machismo e a desigualdade entre homens e mulheres&rdquo;. Na perspectiva de transformar esse quadro, Fernanda conta que j&aacute; existem a&ccedil;&otilde;es no Minist&eacute;rio P&uacute;blico contra programas que violam a dignidade das mulheres e que est&aacute; em forma&ccedil;&atilde;o a &ldquo;Articula&ccedil;&atilde;o Mulher &amp; M&iacute;dia&rdquo;, que pretende aprofundar a discuss&atilde;o. <\/p>\n<p><\/span><span>F&aacute;tima Nassif, do Conselho Regional de Psicologia, conta que quest&otilde;es como a influ&ecirc;ncia da m&iacute;dia na subjetividade e seus efeitos nas crian&ccedil;as e adolescentes t&ecirc;m recebido maior import&acirc;ncia atualmente, apesar de n&atilde;o estarem dissociados &ldquo;das condi&ccedil;&otilde;es pol&iacute;ticas, estruturais e econ&ocirc;micas que caracterizam o sistema de comunica&ccedil;&otilde;es&rdquo;. Segundo ela, a import&acirc;ncia da Rede se d&aacute; em &ldquo;poder organizar essa luta, na medida em que j&aacute; nasceu com uma carta de princ&iacute;pios e indicativos de a&ccedil;&atilde;o definidos por consenso e, por ter uma abrang&ecirc;ncia regional, pode se dedicar a aprofundar e encaminhar quest&otilde;es locais, articulando-as com as grandes quest&otilde;es de n&iacute;vel nacional&rdquo;, afirma F&aacute;tima.<\/p>\n<p><\/span><span>Outra organiza&ccedil;&atilde;o que d&aacute; import&acirc;ncia &agrave; quest&atilde;o da comunica&ccedil;&atilde;o e a incorpora entre suas bandeiras &eacute; o MST (Movimento dos Trabalhadores Rurais Sem Terra). Al&eacute;m da discuss&atilde;o da pauta, h&aacute; tamb&eacute;m a produ&ccedil;&atilde;o de m&iacute;dia pr&oacute;pria: um jornal, uma revista e uma p&aacute;gina na internet. Igor Felippe Santos, do setor de comunica&ccedil;&atilde;o do movimento, conta que o MST considera &ldquo;fundamental construir seus pr&oacute;prios meios de comunica&ccedil;&atilde;o e ter autonomia para dialogar com a sociedade&rdquo;. A incorpora&ccedil;&atilde;o se d&aacute; por conta da constata&ccedil;&atilde;o de que &ldquo;a reforma agr&aacute;ria s&oacute; seria poss&iacute;vel com a participa&ccedil;&atilde;o de toda a sociedade e setores urbanos&rdquo; e por isso a articula&ccedil;&atilde;o &eacute; essencial. Nesse contexto, de acordo com ele, uma das fun&ccedil;&otilde;es da rede deve ser a de &ldquo;se envolver e alimentar todas as lutas sociais para incentivar o fortalecimento do movimento de massas no pa&iacute;s&rdquo;.<\/p>\n<p><\/span><span>A import&acirc;ncia da difus&atilde;o da pauta entre os movimentos sociais se faz ainda mais urgente quando se constata o papel que a m&iacute;dia vem cumprindo frente &agrave;s organiza&ccedil;&otilde;es populares. Para J&uacute;lio Delmanto &ldquo;o que se v&ecirc; na m&iacute;dia &eacute; um claro direcionamento das coberturas no sentido de demonizar qualquer movimento que conteste o status quo&rdquo;. Nesse sentido, Igor Felippe assinala ainda que a m&iacute;dia &ldquo;apaga a perspectiva das classes subalternas, criminaliza os movimentos sociais e passa valores, ideologias e pensamentos contr&aacute;rios ao povo brasileiros e &agrave;s mudan&ccedil;as sociais necess&aacute;rias&rdquo;.<\/p>\n<p><\/span><span>Br&aacute;ulio Ara&uacute;jo, do Instituto S&oacute;cio-Cultural e Ambiental do Pontal do Paranapanema, acredita que a utiliza&ccedil;&atilde;o das tecnologias digitais potencializa o panorama da difus&atilde;o e do acesso &agrave; cultura, e que as duas lutas devem caminhar juntas. &ldquo;A democratiza&ccedil;&atilde;o da comunica&ccedil;&atilde;o &eacute; efetivamente obtida n&atilde;o apenas com a amplia&ccedil;&atilde;o do acesso, mas com a efetiva utiliza&ccedil;&atilde;o dos meios de comunica&ccedil;&atilde;o por diversos indiv&iacute;duos e coletivos para a veicula&ccedil;&atilde;o de produ&ccedil;&otilde;es pr&oacute;prias&rdquo;, afirma Ara&uacute;jo. &ldquo;Al&eacute;m disso, a democratiza&ccedil;&atilde;o da cultura se insere nesse contexto na medida em que os bens culturais s&atilde;o difundidos pela m&iacute;dia&rdquo;, diz.<br \/><\/span><span>&nbsp;<\/span><\/p>\n<p style=\"margin: 0cm 0cm 0pt\" class=\"MsoNormal\"><span><strong>Amplia&ccedil;&atilde;o da articula&ccedil;&atilde;o<\/strong><\/p>\n<p><\/span><span>As bandeiras e a&ccedil;&otilde;es que foram definidas no encontro s&atilde;o o ponto de partida para a amplia&ccedil;&atilde;o da articula&ccedil;&atilde;o entre as entidades e organiza&ccedil;&otilde;es envolvidas. Bia Barbosa explica que &ldquo;a partir desses eixos, desenvolveremos a&ccedil;&otilde;es coletivas, consideradas priorit&aacute;rias para o pr&oacute;ximo per&iacute;odo, que busquem tratar da realidade do nosso estado diante do cen&aacute;rio nacional das comunica&ccedil;&otilde;es&rdquo;. <\/p>\n<p><\/span><span>Entre os princ&iacute;pios e objetivos pol&iacute;ticos da Rede est&aacute; a luta pelo fortalecimento das m&iacute;dias alternativas; apoio aos movimentos sociais, com respeito &agrave; sua autonomia; combate aos oligop&oacute;lios e monop&oacute;lios dos meios de comunica&ccedil;&atilde;o; promo&ccedil;&atilde;o de uma cultura livre e defesa do acesso livre &agrave; cultura e conhecimento. J&aacute; as suas bandeiras apontam para a cria&ccedil;&atilde;o de um sistema p&uacute;blico de comunica&ccedil;&atilde;o com participa&ccedil;&atilde;o popular, radicaliza&ccedil;&atilde;o do processo de inclus&atilde;o digital, defesa da comunica&ccedil;&atilde;o colaborativa e compartilhada, preserva&ccedil;&atilde;o do espa&ccedil;o digital como sendo p&uacute;blico e a produ&ccedil;&atilde;o comunicativa como forma de inclus&atilde;o social e emancipa&ccedil;&atilde;o das juventudes.<\/p>\n<p><\/span><span>A<span> pr&oacute;xima reuni&atilde;o da Rede foi agendada para o dia 10 de novembro, com o objetivo de definir par&acirc;metros de participa&ccedil;&atilde;o e construir o planejamento da nova articula&ccedil;&atilde;o. Ser&aacute; realizada na sede da Revista Vira&ccedil;&atilde;o, que fica localizada na Rua Augusta, 1239 &ndash; cjto 11 (pr&oacute;ximo &agrave; Rua Fernando de Albuquerque. Telefone: 3237.4091). As entidades que&nbsp;desejarem fazer parte da Rede devem entrar em contato pelo e-mail <a href=\"mailto:secretaria@sp.comunicacaoecultura.org.br\">secretaria@sp.comunicacaoecultura.org.br<\/a> ou pelo telefone: (11) 3877-0824.<\/span><br \/><\/span><\/p>\n<p style=\"margin: 0cm 0cm 0pt\" class=\"MsoNormal\"><span><br \/>*<\/span><\/p>\n<p><span><br \/>Leia a &iacute;ntegra da Carta de Lan&ccedil;amento da Rede Paulista pela Democratiza&ccedil;&atilde;o da Comunica&ccedil;&atilde;o e da Cultura<\/p>\n<p><span><strong><u>CARTA DE LAN&Ccedil;AMENTO DA REDE PAULISTA PELA DEMOCRATIZA&Ccedil;&Atilde;O DA COMUNICA&Ccedil;&Atilde;O E DA CULTURA <\/p>\n<p><\/u><\/strong><\/span><span>S&atilde;o Paulo, 21 de outubro de 2007.<\/p>\n<p><\/span><span>Aos comunicadores (as) populares, jornalistas profissionais, assessores (as) de organiza&ccedil;&otilde;es sociais, produtores culturais, artistas, estudantes, militantes dos movimentos sociais, da m&iacute;dia comunit&aacute;ria, livre e alternativa. <\/p>\n<p><\/span><span>Entre dos dias 19 e 21 de agosto de 2007, aconteceu o I Encontro Paulista pela Democratiza&ccedil;&atilde;o da Comunica&ccedil;&atilde;o e da Cultura, que contou com a presen&ccedil;a de mais de 200 militantes de organiza&ccedil;&otilde;es e movimentos sociais e populares. Durante os tr&ecirc;s dias de evento, foram debatidos temas como: a concentra&ccedil;&atilde;o da m&iacute;dia, as viola&ccedil;&otilde;es aos direitos humanos cometidas pelos meios de comunica&ccedil;&atilde;o, a converg&ecirc;ncia digital, as pol&iacute;ticas culturais e as iniciativas de comunica&ccedil;&atilde;o comunit&aacute;ria, popular, livre e alternativa. <\/p>\n<p><\/span><span>Diante do cen&aacute;rio de concentra&ccedil;&atilde;o da m&iacute;dia, de criminaliza&ccedil;&atilde;o dos movimentos sociais, das tentativas de calar a popula&ccedil;&atilde;o, da sua exclus&atilde;o da m&iacute;dia, da sua impossibilidade de acesso &agrave; produ&ccedil;&atilde;o de comunica&ccedil;&atilde;o e cultura e da necessidade de a&ccedil;&atilde;o organizada e coletiva para efetivar as transforma&ccedil;&otilde;es necess&aacute;rias no atual panorama da comunica&ccedil;&atilde;o e da cultura, as organiza&ccedil;&otilde;es presentes lan&ccedil;aram a Rede Paulista pela Democratiza&ccedil;&atilde;o da Comunica&ccedil;&atilde;o e da Cultura. <\/p>\n<p><\/span><span><strong>Princ&iacute;pios e objetivos pol&iacute;ticos<br \/><\/strong><\/span><\/span><span><span><br \/>&middot; <\/span><span>Contribuir para o fortalecimento das m&iacute;dias livres, independentes, alternativas, populares e comunit&aacute;rias, com o desenvolvimento nacional de tecnologias livres;<br \/><\/span><span>&middot;&nbsp;<\/span><span>Apoiar as lutas dos movimentos sociais populares e respeitar suas bandeiras, reivindica&ccedil;&otilde;es e m&eacute;todos de a&ccedil;&atilde;o;<br \/><\/span><span>&middot;&nbsp;<\/span><span>Denunciar e combater as viola&ccedil;&otilde;es dos Direitos Humanos e as manipula&ccedil;&otilde;es dos meios de comunica&ccedil;&atilde;o que criminalizam e desqualificam as lutas populares;<br \/><\/span><span>&middot;&nbsp;<\/span><span>Defender e apoiar as pol&iacute;ticas p&uacute;blicas que contribuam para resgatar a dignidade humana, a cidadania e a melhoria das condi&ccedil;&otilde;es de vida;<br \/><\/span><span>&middot;&nbsp;<\/span><span>Combater os monop&oacute;lios e oligop&oacute;lios dos meios de comunica&ccedil;&atilde;o;<br \/><\/span><span>&middot;&nbsp;<\/span><span>Trabalhar pelo fortalecimento de pol&iacute;ticas p&uacute;blicas comuns de comunica&ccedil;&atilde;o, educa&ccedil;&atilde;o e cultura;<br \/><\/span><span>&middot;&nbsp;<\/span><span>Defender a comunica&ccedil;&atilde;o como um direito humano e um bem p&uacute;blico;<br \/><\/span><span>&middot;&nbsp;<\/span><span>Defender a diversidade e pluralidade nos e dos meios de comunica&ccedil;&atilde;o social;<br \/><\/span><span>&middot;&nbsp;<\/span><span>Defender a liberdade de express&atilde;o para todos e todas, com garantia de regula&ccedil;&atilde;o nos meios de comunica&ccedil;&atilde;o;<br \/><\/span><span>&middot;&nbsp;<\/span><span>Defender o controle social dos meios de comunica&ccedil;&atilde;o;<br \/><\/span><span>&middot;&nbsp;<\/span><span>Defender o direito &agrave; informa&ccedil;&atilde;o.<br \/><\/span><span>&middot;&nbsp;<\/span><span>Promover uma cultura livre, aberta, desmercantilizada e colaborativa;<br \/><\/span><span>&middot;&nbsp;<\/span><span>Defender do acesso livre &agrave; cultura e ao conhecimento;<br \/><\/span><span>&middot;&nbsp;<\/span><span>Respeitar a dignidade e os Direitos Humanos, dando visibilidade aos interesses da popula&ccedil;&atilde;o, seus movimentos e seus Direitos fundamentais, como o direito &agrave; moradia; ao trabalho; &agrave; sa&uacute;de e &agrave; educa&ccedil;&atilde;o.<\/p>\n<p><\/span><span><strong>Bandeiras<\/p>\n<p><\/strong><\/span><span>&middot; <\/span><span>Cria&ccedil;&atilde;o de um sistema p&uacute;blico de comunica&ccedil;&atilde;o em S&atilde;o Paulo, com m&iacute;dias p&uacute;blicas fortes, conselhos de acompanhamento da programa&ccedil;&atilde;o e de defini&ccedil;&atilde;o das pol&iacute;ticas p&uacute;blicas com efetiva participa&ccedil;&atilde;o popular e mecanismos de controle social, com dota&ccedil;&atilde;o or&ccedil;ament&aacute;ria do estado;<br \/><\/span><span>&middot;&nbsp;<\/span><span>Promo&ccedil;&atilde;o e fortalecimento das pol&iacute;ticas p&uacute;blicas de educomunica&ccedil;&atilde;o, no sentido de contribuir para o desenvolvimento de crian&ccedil;as e jovens aut&ocirc;nomos e independentes frente aos meios de comunica&ccedil;&atilde;o, tornando-os produtores de informa&ccedil;&atilde;o e, conseq&uuml;entemente, protagonistas dos processos comunicativos;<br \/><\/span><span>&middot;&nbsp;<\/span><span>Radicaliza&ccedil;&atilde;o dos programas de inclus&atilde;o digital, incluindo o ambiente escolar, com o uso exclusivo de software livre;<br \/><\/span><span>&middot;&nbsp;<\/span><span>Inclus&atilde;o dos temas ligados a comunica&ccedil;&atilde;o e cultura nos processos de forma&ccedil;&atilde;o continuada dos professores da rede p&uacute;blica estadual e das redes municipais;<br \/><\/span><span>&middot;&nbsp;<\/span><span>Produ&ccedil;&atilde;o comunicativa como forma de inclus&atilde;o social e emancipa&ccedil;&atilde;o das juventudes;<br \/><\/span><span>&middot;&nbsp;<\/span><span>Defesa de um ambiente de fazer cultural no qual os autores e as autoras n&atilde;o estejam submetidos aos interesses dos intermedi&aacute;rios;<br \/><\/span><span>&middot;&nbsp;<\/span><span>Preserva&ccedil;&atilde;o do espa&ccedil;o digital como espa&ccedil;o p&uacute;blico de manifesta&ccedil;&atilde;o popular e acesso livre &agrave; cultura e ao conhecimento;<br \/><\/span><span>&middot;&nbsp;<\/span><span>Defesa do uso de tecnologias livres que favore&ccedil;am a amplia&ccedil;&atilde;o e democratiza&ccedil;&atilde;o dos transmissores, tais como GNU\/Radio, Wi-Max e outros;<br \/><\/span><span>&middot;&nbsp;<\/span><span>Incentivo ao debate pela democratiza&ccedil;&atilde;o da comunica&ccedil;&atilde;o, contribuindo para o ac&uacute;mulo de for&ccedil;as e mobiliza&ccedil;&atilde;o para a transforma&ccedil;&atilde;o social;<br \/><\/span><span>&middot;&nbsp;<\/span><span>Defesa da comunica&ccedil;&atilde;o colaborativa e compartilhada entre m&iacute;dias alternativas, comunicadores populares e movimentos sociais.<\/p>\n<p><\/span><span><strong>Entidades que aderem &agrave; Rede<\/strong><\/span> <\/p>\n<p style=\"margin: 0cm 0cm 0pt; text-align: justify\" class=\"MsoNormal\"><span><br \/>Abra&ccedil;o S&atilde;o Paulo &bull; Alian&ccedil;a Internacional de Jornalistas &#8211; Brasil &bull; Artigo 19 &bull; Associa&ccedil;&atilde;o Cantareira &bull; Ativismos Midi&aacute;tico &bull; Centro Acad&ecirc;mico Benevides Paix&atilde;o &#8211; PUC\/SP &bull; Centro Acad&ecirc;mico Vladmir Herzog &#8211; C&aacute;sper L&iacute;bero &bull; Centro Acad&ecirc;mico Florestan Fernandes &#8211; Escola de Sociologia e Pol&iacute;tica &bull; Camar&aacute; Comunica&ccedil;&atilde;o e Educa&ccedil;&atilde;o Popular &bull; Ciranda da Informa&ccedil;&atilde;o Independente &bull; Conselho Regional de Psicologia &bull; Departamento de Jornalismo da PUC &bull; Executiva Nacional dos Estudantes de Comunica&ccedil;&atilde;o Social &#8211; Enecos &bull; GENS Servi&ccedil;os Educacionais &bull; Intervozes &#8211; Coletivo Brasil de Comunica&ccedil;&atilde;o Social &bull; Instituto Paulo Freire &bull; Instituto Pensarte &bull; Jamac &ndash; Jardim M&iacute;riam Arte Clube &bull; Jornal Brasil de Fato &bull; Jornal Contraponto &bull; Marcha Mundial das Mulheres &bull;&nbsp; Oficina da Praxis &bull; Projeto Cala-boca J&aacute; Morreu &bull; Projeto Revista Vira&ccedil;&atilde;o. <\/span><\/p>\n<p><\/span><\/p>\n","protected":false},"excerpt":{"rendered":"<p>Mais de duzentos ativistas de 32 organiza\u00e7\u00f5es presentes ao I Encontro Paulista pela Democratiza\u00e7\u00e3o da Comunica\u00e7\u00e3o e da Cultura criam rede para fortalecer atua\u00e7\u00e3o local nas quest\u00f5es ligadas ao tema.<\/p>\n","protected":false},"author":1,"featured_media":0,"comment_status":"open","ping_status":"open","sticky":false,"template":"","format":"standard","meta":{"footnotes":""},"categories":[40],"tags":[504],"_links":{"self":[{"href":"https:\/\/obscom.intervozes.org.br\/index.php?rest_route=\/wp\/v2\/posts\/19664"}],"collection":[{"href":"https:\/\/obscom.intervozes.org.br\/index.php?rest_route=\/wp\/v2\/posts"}],"about":[{"href":"https:\/\/obscom.intervozes.org.br\/index.php?rest_route=\/wp\/v2\/types\/post"}],"author":[{"embeddable":true,"href":"https:\/\/obscom.intervozes.org.br\/index.php?rest_route=\/wp\/v2\/users\/1"}],"replies":[{"embeddable":true,"href":"https:\/\/obscom.intervozes.org.br\/index.php?rest_route=%2Fwp%2Fv2%2Fcomments&post=19664"}],"version-history":[{"count":0,"href":"https:\/\/obscom.intervozes.org.br\/index.php?rest_route=\/wp\/v2\/posts\/19664\/revisions"}],"wp:attachment":[{"href":"https:\/\/obscom.intervozes.org.br\/index.php?rest_route=%2Fwp%2Fv2%2Fmedia&parent=19664"}],"wp:term":[{"taxonomy":"category","embeddable":true,"href":"https:\/\/obscom.intervozes.org.br\/index.php?rest_route=%2Fwp%2Fv2%2Fcategories&post=19664"},{"taxonomy":"post_tag","embeddable":true,"href":"https:\/\/obscom.intervozes.org.br\/index.php?rest_route=%2Fwp%2Fv2%2Ftags&post=19664"}],"curies":[{"name":"wp","href":"https:\/\/api.w.org\/{rel}","templated":true}]}}