{"id":19657,"date":"2007-11-01T15:41:28","date_gmt":"2007-11-01T15:41:28","guid":{"rendered":"https:\/\/obscom.intervozes.org.br\/wordpress\/?p=19657"},"modified":"2007-11-01T15:41:28","modified_gmt":"2007-11-01T15:41:28","slug":"diretoria-e-conselho-de-administracao-da-empresa-brasil-de-comunicacao-ebc-tomam-posse","status":"publish","type":"post","link":"https:\/\/obscom.intervozes.org.br\/?p=19657","title":{"rendered":"Diretoria e Conselho de Administra\u00e7\u00e3o da Empresa Brasil de Comunica\u00e7\u00e3o (EBC) tomam posse"},"content":{"rendered":"<p>Os membros da Diretoria Executiva e do Conselho de Administra&ccedil;&atilde;o Empresa Brasil de Comunica&ccedil;&atilde;o (EBC), gestora da TV P&uacute;blica, tomaram posse na tarde desta quarta-feira (31), no Rio de Janeiro.<\/p>\n<p>Nomeados por decreto presidencial e com tr&ecirc;s anos de gest&atilde;o, tomar&atilde;o posse o ministro-chefe da Secretaria de Comunica&ccedil;&atilde;o Social, Franklin Martins, que ser&aacute; presidente do Conselho, Jos&eacute; Artur Filardi Leite, representante do Minist&eacute;rio das Comunica&ccedil;&otilde;es, Alessandra Cristina Azevedo Cardoso, representante do Minist&eacute;rio do Planejamento, e Ricardo de Almeida Collar, indicado pela Secretaria de Comunica&ccedil;&atilde;o Social. A jornalista Tereza Cruvinel &eacute; a quinta integrante do Conselho e tamb&eacute;m diretora-presidente da EBC. Ela ter&aacute; quatro anos de mandato. <\/p>\n<p>O diretor-geral &eacute; o Secret&aacute;rio do Audiovisual do Minist&eacute;rio da Cultura, Orlando Senna. Os outros seis membros da Diretoria Executiva ser&atilde;o eleitos pelo Conselho e ter&atilde;o tr&ecirc;s anos de mandato. A gest&atilde;o efetiva da emissora, a linha editorial e a programa&ccedil;&atilde;o da TV P&uacute;blica ficar&atilde;o a cargo da Diretoria.<\/p>\n","protected":false},"excerpt":{"rendered":"<p>Os membros da Diretoria Executiva e do Conselho de Administra&ccedil;&atilde;o Empresa Brasil de Comunica&ccedil;&atilde;o (EBC), gestora da TV P&uacute;blica, tomaram posse na tarde desta quarta-feira (31), no Rio de Janeiro. Nomeados por decreto presidencial e com tr&ecirc;s anos de gest&atilde;o, tomar&atilde;o posse o ministro-chefe da Secretaria de Comunica&ccedil;&atilde;o Social, Franklin Martins, que ser&aacute; presidente do &hellip; <a href=\"https:\/\/obscom.intervozes.org.br\/?p=19657\" class=\"more-link\">Continue lendo <span class=\"screen-reader-text\">Diretoria e Conselho de Administra\u00e7\u00e3o da Empresa Brasil de Comunica\u00e7\u00e3o (EBC) tomam posse<\/span> <span class=\"meta-nav\">&rarr;<\/span><\/a><\/p>\n","protected":false},"author":1,"featured_media":0,"comment_status":"open","ping_status":"open","sticky":false,"template":"","format":"standard","meta":{"footnotes":""},"categories":[39],"tags":[],"_links":{"self":[{"href":"https:\/\/obscom.intervozes.org.br\/index.php?rest_route=\/wp\/v2\/posts\/19657"}],"collection":[{"href":"https:\/\/obscom.intervozes.org.br\/index.php?rest_route=\/wp\/v2\/posts"}],"about":[{"href":"https:\/\/obscom.intervozes.org.br\/index.php?rest_route=\/wp\/v2\/types\/post"}],"author":[{"embeddable":true,"href":"https:\/\/obscom.intervozes.org.br\/index.php?rest_route=\/wp\/v2\/users\/1"}],"replies":[{"embeddable":true,"href":"https:\/\/obscom.intervozes.org.br\/index.php?rest_route=%2Fwp%2Fv2%2Fcomments&post=19657"}],"version-history":[{"count":0,"href":"https:\/\/obscom.intervozes.org.br\/index.php?rest_route=\/wp\/v2\/posts\/19657\/revisions"}],"wp:attachment":[{"href":"https:\/\/obscom.intervozes.org.br\/index.php?rest_route=%2Fwp%2Fv2%2Fmedia&parent=19657"}],"wp:term":[{"taxonomy":"category","embeddable":true,"href":"https:\/\/obscom.intervozes.org.br\/index.php?rest_route=%2Fwp%2Fv2%2Fcategories&post=19657"},{"taxonomy":"post_tag","embeddable":true,"href":"https:\/\/obscom.intervozes.org.br\/index.php?rest_route=%2Fwp%2Fv2%2Ftags&post=19657"}],"curies":[{"name":"wp","href":"https:\/\/api.w.org\/{rel}","templated":true}]}}