{"id":19641,"date":"2007-11-01T14:18:08","date_gmt":"2007-11-01T14:18:08","guid":{"rendered":"https:\/\/obscom.intervozes.org.br\/wordpress\/?p=19641"},"modified":"2007-11-01T14:18:08","modified_gmt":"2007-11-01T14:18:08","slug":"cruvinel-diz-que-tv-publica-deve-se-preparar-para-pressao-politica","status":"publish","type":"post","link":"https:\/\/obscom.intervozes.org.br\/?p=19641","title":{"rendered":"Cruvinel diz que TV p\u00fablica deve se preparar para press\u00e3o pol\u00edtica"},"content":{"rendered":"<p>A futura presidente da Empresa Brasileira de Comunica&ccedil;&atilde;o (EBC), gestora da TV p&uacute;blica, Tereza Cruvinel, admitiu ontem que a nova emissora dever&aacute; sofrer press&otilde;es pol&iacute;ticas em sua programa&ccedil;&atilde;o.<\/p>\n<p>Em audi&ecirc;ncia na C&acirc;mara dos Deputados, a jornalista declarou que a solu&ccedil;&atilde;o para evitar a partidariza&ccedil;&atilde;o da TV, que tem estr&eacute;ia prevista para dezembro, &eacute; a composi&ccedil;&atilde;o de um conselho curador plural, com poderes reais de interferir. &quot;O que n&oacute;s temos que assegurar quanto &agrave; TV p&uacute;blica &eacute; a sua natureza p&uacute;blica. Tem risco de o governo querer influir? Tem. Em democracias at&eacute; mais maduras h&aacute; tentativas, sim, de governos influenciarem nas programa&ccedil;&otilde;es&quot;, disse ela. <\/p>\n<p>Provocada por deputados da oposi&ccedil;&atilde;o, Cruvinel prometeu um jornalismo &quot;sem adjetivos&quot;, mas reconheceu que o governo tentar&aacute; &agrave;s vezes emplacar seu ponto de vista. &quot;As pessoas perguntam se o jornalismo ser&aacute; chapa-branca. N&atilde;o, n&oacute;s vamos fazer jornalismo sem adjetivos. Agora, eu n&atilde;o vou te assegurar que algum ministro n&atilde;o v&aacute; querer fazer alguma mat&eacute;ria a favor dele&quot;, afirmou. <br \/>A TV foi criada pelo governo por medida provis&oacute;ria, o que gerou protestos de parte dos deputados que comp&otilde;em o F&oacute;rum Parlamentar de Radiodifus&atilde;o, que promoveu a audi&ecirc;ncia de ontem.<\/p>\n<p>A TV ter&aacute; conselho curador de 19 integrantes, dos quais 4 ministros e 15 pessoas de &quot;alta credibilidade&quot;, todas indicadas pelo presidente da Rep&uacute;blica. Entre os prov&aacute;veis componentes est&atilde;o o economista Luiz Gonzaga Belluzzo, o ex-governador de S&atilde;o Paulo Claudio Lembo (DEM) e o ex-diretor da TV Globo Jos&eacute; Bonif&aacute;cio de Oliveira Sobrinho, o Boni. <\/p>\n<p>A audi&ecirc;ncia teve momentos quentes entre deputados do governo e da oposi&ccedil;&atilde;o, numa pr&eacute;via do que ocorrer&aacute; no plen&aacute;rio da C&acirc;mara. Os governistas saudaram a emissora como um contraponto ao jornalismo comercial. &quot;N&atilde;o quero TV chapa branca, mas tamb&eacute;m n&atilde;o quero TV chapa preta, aquela que n&atilde;o deixa a gente falar&quot;, disse o deputado federal Fernando Ferro (PT-PE). <\/p>\n<p>Entre os oposicionistas, ACM Neto (DEM-BA) disse que na TV &quot;mandar&aacute; quem paga a conta&quot;, numa refer&ecirc;ncia ao Executivo, que prover&aacute; o or&ccedil;amento anual de R$ 350 milh&otilde;es. &quot;Algu&eacute;m pensa que o Poder Executivo vai pagar a conta e n&atilde;o vai procurar interferir na linha editorial?&quot;. <\/p>\n","protected":false},"excerpt":{"rendered":"<p>A futura presidente da Empresa Brasileira de Comunica&ccedil;&atilde;o (EBC), gestora da TV p&uacute;blica, Tereza Cruvinel, admitiu ontem que a nova emissora dever&aacute; sofrer press&otilde;es pol&iacute;ticas em sua programa&ccedil;&atilde;o. Em audi&ecirc;ncia na C&acirc;mara dos Deputados, a jornalista declarou que a solu&ccedil;&atilde;o para evitar a partidariza&ccedil;&atilde;o da TV, que tem estr&eacute;ia prevista para dezembro, &eacute; a composi&ccedil;&atilde;o &hellip; <a href=\"https:\/\/obscom.intervozes.org.br\/?p=19641\" class=\"more-link\">Continue lendo <span class=\"screen-reader-text\">Cruvinel diz que TV p\u00fablica deve se preparar para press\u00e3o pol\u00edtica<\/span> <span class=\"meta-nav\">&rarr;<\/span><\/a><\/p>\n","protected":false},"author":1,"featured_media":0,"comment_status":"open","ping_status":"open","sticky":false,"template":"","format":"standard","meta":{"footnotes":""},"categories":[40],"tags":[380],"_links":{"self":[{"href":"https:\/\/obscom.intervozes.org.br\/index.php?rest_route=\/wp\/v2\/posts\/19641"}],"collection":[{"href":"https:\/\/obscom.intervozes.org.br\/index.php?rest_route=\/wp\/v2\/posts"}],"about":[{"href":"https:\/\/obscom.intervozes.org.br\/index.php?rest_route=\/wp\/v2\/types\/post"}],"author":[{"embeddable":true,"href":"https:\/\/obscom.intervozes.org.br\/index.php?rest_route=\/wp\/v2\/users\/1"}],"replies":[{"embeddable":true,"href":"https:\/\/obscom.intervozes.org.br\/index.php?rest_route=%2Fwp%2Fv2%2Fcomments&post=19641"}],"version-history":[{"count":0,"href":"https:\/\/obscom.intervozes.org.br\/index.php?rest_route=\/wp\/v2\/posts\/19641\/revisions"}],"wp:attachment":[{"href":"https:\/\/obscom.intervozes.org.br\/index.php?rest_route=%2Fwp%2Fv2%2Fmedia&parent=19641"}],"wp:term":[{"taxonomy":"category","embeddable":true,"href":"https:\/\/obscom.intervozes.org.br\/index.php?rest_route=%2Fwp%2Fv2%2Fcategories&post=19641"},{"taxonomy":"post_tag","embeddable":true,"href":"https:\/\/obscom.intervozes.org.br\/index.php?rest_route=%2Fwp%2Fv2%2Ftags&post=19641"}],"curies":[{"name":"wp","href":"https:\/\/api.w.org\/{rel}","templated":true}]}}