{"id":19639,"date":"2007-10-30T19:23:09","date_gmt":"2007-10-30T19:23:09","guid":{"rendered":"https:\/\/obscom.intervozes.org.br\/wordpress\/?p=19639"},"modified":"2007-10-30T19:23:09","modified_gmt":"2007-10-30T19:23:09","slug":"comissao-aprova-emenda-ao-ppa-que-viabiliza-a-conferencia-nacional-de-comunicacao","status":"publish","type":"post","link":"https:\/\/obscom.intervozes.org.br\/?p=19639","title":{"rendered":"Comiss\u00e3o aprova emenda ao PPA que viabiliza a Confer\u00eancia Nacional de Comunica\u00e7\u00e3o"},"content":{"rendered":"<p>Em sess&atilde;o nesta ter&ccedil;a-feira, 30, a Comiss&atilde;o de Ci&ecirc;ncia e Tecnologia, Comunica&ccedil;&atilde;o e Inform&aacute;tica da C&acirc;mara dos Deputados aprovou emenda para garantir a destina&ccedil;&atilde;o de 20 milh&otilde;es de reais para a realiza&ccedil;&atilde;o de Confer&ecirc;ncia Nacional de Comunica&ccedil;&atilde;o e suas etapas estaduais. A emenda &eacute; de autoria da deputada Luiza Erundina (PSB\/SP) e do deputado Walter Pinheiro (PT\/BA), e foi uma das cinco feitas pela CCTCI para entrar na proposta do Plano Plurianual (PPA), que delineia os gastos do governo at&eacute; o ano de 2011. Nenhum gasto que n&atilde;o esteja contemplado no PPA pode ser inclu&iacute;do na Lei Or&ccedil;ament&aacute;ria Anual (LOA), por isso a import&acirc;ncia da aprova&ccedil;&atilde;o para a garantia de realiza&ccedil;&atilde;o da confer&ecirc;ncia.<br \/>&nbsp;<br \/>Al&eacute;m da emenda da Confer&ecirc;ncia de Comunica&ccedil;&atilde;o, foram aprovadas emendas de incentivo &agrave; pesquisa cient&iacute;fica e tecnol&oacute;gica, para o desenvolvimento de uma aeronave de uso militar, para a implanta&ccedil;&atilde;o de unidade de enriquecimento de ur&acirc;nio e para o fomento a incubadoras de empresas e parques tecnol&oacute;gicos. O relator das emendas, deputado Bilac Pinto (PR\/MG), defendeu as cinco emendas apresentadas por criarem novas a&ccedil;&otilde;es ao PPA e por serem temas que a Comiss&atilde;o tem debatido com freq&uuml;&ecirc;ncia.<br \/>&nbsp;<br \/>Para a deputada Luiza Erundina, a aprova&ccedil;&atilde;o da emenda que ap&oacute;ia a confer&ecirc;ncia de comunica&ccedil;&atilde;o foi uma conquista dos movimentos sociais. &ldquo;&Eacute; uma conquista que pode garantir a realiza&ccedil;&atilde;o da confer&ecirc;ncia. &Eacute; um passo importante, pois havendo previs&atilde;o or&ccedil;ament&aacute;ria no PPA o executivo tem condi&ccedil;&atilde;o, do ponto de vista do or&ccedil;amento, de convocar a Confer&ecirc;ncia Nacional de Comunica&ccedil;&atilde;o, bem como suas etapas estaduais. Como o pr&oacute;prio ministro das Comunica&ccedil;&otilde;es, em parceria com a CCTCI, apoiou a realiza&ccedil;&atilde;o de uma pr&eacute;-confer&ecirc;ncia de comunica&ccedil;&atilde;o, isso indica que ele est&aacute; decidido a realizar a confer&ecirc;ncia definitiva&rdquo;.<\/p>\n<p>As emendas seguem agora para vota&ccedil;&atilde;o na Comiss&atilde;o Mista de Or&ccedil;amento.<\/p>\n","protected":false},"excerpt":{"rendered":"<p>Em sess&atilde;o nesta ter&ccedil;a-feira, 30, a Comiss&atilde;o de Ci&ecirc;ncia e Tecnologia, Comunica&ccedil;&atilde;o e Inform&aacute;tica da C&acirc;mara dos Deputados aprovou emenda para garantir a destina&ccedil;&atilde;o de 20 milh&otilde;es de reais para a realiza&ccedil;&atilde;o de Confer&ecirc;ncia Nacional de Comunica&ccedil;&atilde;o e suas etapas estaduais. A emenda &eacute; de autoria da deputada Luiza Erundina (PSB\/SP) e do deputado Walter &hellip; <a href=\"https:\/\/obscom.intervozes.org.br\/?p=19639\" class=\"more-link\">Continue lendo <span class=\"screen-reader-text\">Comiss\u00e3o aprova emenda ao PPA que viabiliza a Confer\u00eancia Nacional de Comunica\u00e7\u00e3o<\/span> <span class=\"meta-nav\">&rarr;<\/span><\/a><\/p>\n","protected":false},"author":1,"featured_media":0,"comment_status":"open","ping_status":"open","sticky":false,"template":"","format":"standard","meta":{"footnotes":""},"categories":[39],"tags":[],"_links":{"self":[{"href":"https:\/\/obscom.intervozes.org.br\/index.php?rest_route=\/wp\/v2\/posts\/19639"}],"collection":[{"href":"https:\/\/obscom.intervozes.org.br\/index.php?rest_route=\/wp\/v2\/posts"}],"about":[{"href":"https:\/\/obscom.intervozes.org.br\/index.php?rest_route=\/wp\/v2\/types\/post"}],"author":[{"embeddable":true,"href":"https:\/\/obscom.intervozes.org.br\/index.php?rest_route=\/wp\/v2\/users\/1"}],"replies":[{"embeddable":true,"href":"https:\/\/obscom.intervozes.org.br\/index.php?rest_route=%2Fwp%2Fv2%2Fcomments&post=19639"}],"version-history":[{"count":0,"href":"https:\/\/obscom.intervozes.org.br\/index.php?rest_route=\/wp\/v2\/posts\/19639\/revisions"}],"wp:attachment":[{"href":"https:\/\/obscom.intervozes.org.br\/index.php?rest_route=%2Fwp%2Fv2%2Fmedia&parent=19639"}],"wp:term":[{"taxonomy":"category","embeddable":true,"href":"https:\/\/obscom.intervozes.org.br\/index.php?rest_route=%2Fwp%2Fv2%2Fcategories&post=19639"},{"taxonomy":"post_tag","embeddable":true,"href":"https:\/\/obscom.intervozes.org.br\/index.php?rest_route=%2Fwp%2Fv2%2Ftags&post=19639"}],"curies":[{"name":"wp","href":"https:\/\/api.w.org\/{rel}","templated":true}]}}