{"id":19634,"date":"2007-10-30T16:31:48","date_gmt":"2007-10-30T16:31:48","guid":{"rendered":"https:\/\/obscom.intervozes.org.br\/wordpress\/?p=19634"},"modified":"2007-10-30T16:31:48","modified_gmt":"2007-10-30T16:31:48","slug":"anatel-abre-consulta-publica-para-mudancas-no-plano-de-radiodifusao-fm-e-comunitaria","status":"publish","type":"post","link":"https:\/\/obscom.intervozes.org.br\/?p=19634","title":{"rendered":"Anatel abre consulta p\u00fablica para mudan\u00e7as no plano de radiodifus\u00e3o FM e comunit\u00e1ria"},"content":{"rendered":"<p>A Ag&ecirc;ncia Nacional de Telecomunica&ccedil;&otilde;es (Anatel) abriu recentemente&nbsp;duas consultas p&uacute;blicas sobre radiodifus&atilde;o FM. <\/p>\n<p>A primeria, sobre&nbsp;altera&ccedil;&otilde;es no Plano de Refer&ecirc;ncia para Distribui&ccedil;&atilde;o de Canais do Servi&ccedil;o de Radiodifus&atilde;o Comunit&aacute;ria (PRRadCom), que&nbsp;pode receber constribui&ccedil;&otilde;es at&eacute; o dia 30 de novembro.<\/p>\n<p>A segunda,&nbsp;sobre altera&ccedil;&otilde;es no Plano B&aacute;sico de Distribui&ccedil;&atilde;o de Canais de Radiodifus&atilde;o Sonora em Freq&uuml;&ecirc;ncia Modulada (PBFM), que deve durar at&eacute; 23 de novembro.<\/p>\n<p>Com ambas as consultas, a&nbsp;ag&ecirc;ncia espera receber sugest&otilde;es da popula&ccedil;&atilde;o sobre o uso racional das freq&uuml;&ecirc;ncias, para assegurar um servi&ccedil;o de boa qualidade para a &aacute;rea a que se destina. As sugest&otilde;es devem ser encaminhadas por formul&aacute;rio eletr&ocirc;nico do Sistema Interativo de Acompanhamento de Consulta P&uacute;blica da Anatel.<\/p>\n<p><a href=\"http:\/\/sistemas.anatel.gov.br\/SACP\/Contribuicoes\/ListaConsultasContribuicoes.asp?Tipo=1&amp;Opcao=andamento&amp;SISQSmodulo=1442\">Os&nbsp;formul&aacute;rios podem ser acessados clicando aqui.<\/a><\/p>\n<p>&nbsp;<\/p>\n<p><a href=\"http:\/\/sistemas.anatel.gov.br\/SACP\/Contribuicoes\/ListaConsultasContribuicoes.asp?Tipo=1&amp;Opcao=andamento&amp;SISQSmodulo=1442\"><\/a><\/p>\n","protected":false},"excerpt":{"rendered":"<p>A Ag&ecirc;ncia Nacional de Telecomunica&ccedil;&otilde;es (Anatel) abriu recentemente&nbsp;duas consultas p&uacute;blicas sobre radiodifus&atilde;o FM. A primeria, sobre&nbsp;altera&ccedil;&otilde;es no Plano de Refer&ecirc;ncia para Distribui&ccedil;&atilde;o de Canais do Servi&ccedil;o de Radiodifus&atilde;o Comunit&aacute;ria (PRRadCom), que&nbsp;pode receber constribui&ccedil;&otilde;es at&eacute; o dia 30 de novembro. A segunda,&nbsp;sobre altera&ccedil;&otilde;es no Plano B&aacute;sico de Distribui&ccedil;&atilde;o de Canais de Radiodifus&atilde;o Sonora em Freq&uuml;&ecirc;ncia Modulada &hellip; <a href=\"https:\/\/obscom.intervozes.org.br\/?p=19634\" class=\"more-link\">Continue lendo <span class=\"screen-reader-text\">Anatel abre consulta p\u00fablica para mudan\u00e7as no plano de radiodifus\u00e3o FM e comunit\u00e1ria<\/span> <span class=\"meta-nav\">&rarr;<\/span><\/a><\/p>\n","protected":false},"author":1,"featured_media":0,"comment_status":"open","ping_status":"open","sticky":false,"template":"","format":"standard","meta":{"footnotes":""},"categories":[39],"tags":[],"_links":{"self":[{"href":"https:\/\/obscom.intervozes.org.br\/index.php?rest_route=\/wp\/v2\/posts\/19634"}],"collection":[{"href":"https:\/\/obscom.intervozes.org.br\/index.php?rest_route=\/wp\/v2\/posts"}],"about":[{"href":"https:\/\/obscom.intervozes.org.br\/index.php?rest_route=\/wp\/v2\/types\/post"}],"author":[{"embeddable":true,"href":"https:\/\/obscom.intervozes.org.br\/index.php?rest_route=\/wp\/v2\/users\/1"}],"replies":[{"embeddable":true,"href":"https:\/\/obscom.intervozes.org.br\/index.php?rest_route=%2Fwp%2Fv2%2Fcomments&post=19634"}],"version-history":[{"count":0,"href":"https:\/\/obscom.intervozes.org.br\/index.php?rest_route=\/wp\/v2\/posts\/19634\/revisions"}],"wp:attachment":[{"href":"https:\/\/obscom.intervozes.org.br\/index.php?rest_route=%2Fwp%2Fv2%2Fmedia&parent=19634"}],"wp:term":[{"taxonomy":"category","embeddable":true,"href":"https:\/\/obscom.intervozes.org.br\/index.php?rest_route=%2Fwp%2Fv2%2Fcategories&post=19634"},{"taxonomy":"post_tag","embeddable":true,"href":"https:\/\/obscom.intervozes.org.br\/index.php?rest_route=%2Fwp%2Fv2%2Ftags&post=19634"}],"curies":[{"name":"wp","href":"https:\/\/api.w.org\/{rel}","templated":true}]}}