{"id":19618,"date":"2007-10-29T13:07:07","date_gmt":"2007-10-29T13:07:07","guid":{"rendered":"https:\/\/obscom.intervozes.org.br\/wordpress\/?p=19618"},"modified":"2007-10-29T13:07:07","modified_gmt":"2007-10-29T13:07:07","slug":"a-democratizacao-da-comunicacao-e-o-poder-nas-cidades","status":"publish","type":"post","link":"https:\/\/obscom.intervozes.org.br\/?p=19618","title":{"rendered":"A democratiza\u00e7\u00e3o da comunica\u00e7\u00e3o e o poder nas cidades"},"content":{"rendered":"<p><span>H&aacute; quase 20 anos da promulga&ccedil;&atilde;o da &ldquo;Constitui&ccedil;&atilde;o Cidad&atilde;&rdquo;, o Brasil ainda enfrenta in&uacute;meros desafios para a consolida&ccedil;&atilde;o da sua democracia: garantia de direitos fundamentais, participa&ccedil;&atilde;o da popula&ccedil;&atilde;o nas decis&otilde;es pol&iacute;ticas, supera&ccedil;&atilde;o da exclus&atilde;o social, educacional, econ&ocirc;mica, etc. A democratiza&ccedil;&atilde;o da comunica&ccedil;&atilde;o, ao mesmo tempo em que pode ser contabilizada entre estes desafios, &eacute; tamb&eacute;m condi&ccedil;&atilde;o indispens&aacute;vel para a efetiva democratiza&ccedil;&atilde;o da sociedade. <\/p>\n<p><\/span><span>Sem uma comunica&ccedil;&atilde;o democr&aacute;tica, todas as lutas sociais &ndash; por moradia, reforma agr&aacute;ria, igualdade de g&ecirc;nero, entre tantas outras &ndash; esbarram na impossibilidade de disputar a opini&atilde;o da sociedade sobre esses temas com aqueles que se intitulam &ldquo;donos&rdquo; dos meios de comunica&ccedil;&atilde;o social.<\/p>\n<p><\/span><span>Ao trazer essas quest&otilde;es para o &acirc;mbito local, da luta pelo poder nas cidades, ou melhor, da luta por igualdade de condi&ccedil;&otilde;es para exercer esse poder, percebemos que a quest&atilde;o da democratiza&ccedil;&atilde;o da comunica&ccedil;&atilde;o &eacute; chave. Podemos, como exemplo, tra&ccedil;ar um paralelo com a democracia grega. <\/p>\n<p><\/span><span>O modelo grego baseava-se em 3 fundamentos: a isonomia (igualdade perante as leis), a isocracia (igualdade de participa&ccedil;&atilde;o no poder) e a isagoria (igualdade de acesso &agrave; palavra durante as assembl&eacute;ias da p&oacute;lis). Ou seja, a democracia s&oacute; estaria completa com o pleno direito &agrave; comunica&ccedil;&atilde;o garantido aos membros da p&oacute;lis.<\/p>\n<p><\/span><span>Sabemos, todavia, que n&atilde;o era permitido &agrave;s mulheres e aos escravos participarem daqueles espa&ccedil;os p&uacute;blicos de debate e decis&atilde;o. Hoje, fen&ocirc;meno semelhante ocorre. Os exclu&iacute;dos da comunica&ccedil;&atilde;o &ndash; a &aacute;gora moderna &ndash; s&atilde;o os atores sociais que tensionam e desafiam o status quo, a hegemonia neoliberal.<\/p>\n<p><\/span><span>A revers&atilde;o deste quadro, no qual a palavra democracia &eacute; usada retoricamente por aqueles que dominam os meios de comunica&ccedil;&atilde;o, usando-os para a massifica&ccedil;&atilde;o dos seus pr&oacute;prios discursos, &eacute; um desafio para todos e todas que lutam por um outro modelo de sociedade, uma nova forma de participa&ccedil;&atilde;o pol&iacute;tica.<\/p>\n<p><\/span><span>Muito embora a regulamenta&ccedil;&atilde;o da comunica&ccedil;&atilde;o esteja fundamentalmente em &acirc;mbito federal, prefeituras e governos estaduais podem &ndash; e devem &ndash; empenhar-se na constru&ccedil;&atilde;o de pol&iacute;ticas p&uacute;blicas que favore&ccedil;am a democratiza&ccedil;&atilde;o da comunica&ccedil;&atilde;o e estimulem a diversidade e pluralidade de m&iacute;dias e de conte&uacute;dos. Entre as medidas poss&iacute;veis est&atilde;o a cria&ccedil;&atilde;o de conselhos de comunica&ccedil;&atilde;o social e o est&iacute;mulo a diferentes formas de comunica&ccedil;&atilde;o comunit&aacute;rias, especialmente r&aacute;dios comunit&aacute;rias.<\/p>\n<p><\/span><span>Os conselhos seriam espa&ccedil;os de acompanhamento da m&iacute;dia local, para onde a popula&ccedil;&atilde;o poderia encaminhar suas reclama&ccedil;&otilde;es, den&uacute;ncias e sugest&otilde;es sobre o conte&uacute;do dos ve&iacute;culos de comunica&ccedil;&atilde;o. Tamb&eacute;m proporiam pol&iacute;ticas p&uacute;blicas para a comunica&ccedil;&atilde;o do munic&iacute;pio ou do estado.<\/p>\n<p><\/span><span>J&aacute; em rela&ccedil;&atilde;o aos meios de comunica&ccedil;&atilde;o comunit&aacute;rios, estados e munic&iacute;pios podem criar programas de incentivo e fundos p&uacute;blicos para apoiar esses ve&iacute;culos.<\/span><span>&nbsp;<br \/><\/span><span><\/p>\n<p>* Br&aacute;ulio Ribeiro &eacute; membro do Intervozes.<\/span><\/p>\n","protected":false},"excerpt":{"rendered":"<p>H&aacute; quase 20 anos da promulga&ccedil;&atilde;o da &ldquo;Constitui&ccedil;&atilde;o Cidad&atilde;&rdquo;, o Brasil ainda enfrenta in&uacute;meros desafios para a consolida&ccedil;&atilde;o da sua democracia: garantia de direitos fundamentais, participa&ccedil;&atilde;o da popula&ccedil;&atilde;o nas decis&otilde;es pol&iacute;ticas, supera&ccedil;&atilde;o da exclus&atilde;o social, educacional, econ&ocirc;mica, etc. A democratiza&ccedil;&atilde;o da comunica&ccedil;&atilde;o, ao mesmo tempo em que pode ser contabilizada entre estes desafios, &eacute; tamb&eacute;m &hellip; <a href=\"https:\/\/obscom.intervozes.org.br\/?p=19618\" class=\"more-link\">Continue lendo <span class=\"screen-reader-text\">A democratiza\u00e7\u00e3o da comunica\u00e7\u00e3o e o poder nas cidades<\/span> <span class=\"meta-nav\">&rarr;<\/span><\/a><\/p>\n","protected":false},"author":1,"featured_media":0,"comment_status":"open","ping_status":"open","sticky":false,"template":"","format":"standard","meta":{"footnotes":""},"categories":[42],"tags":[56],"_links":{"self":[{"href":"https:\/\/obscom.intervozes.org.br\/index.php?rest_route=\/wp\/v2\/posts\/19618"}],"collection":[{"href":"https:\/\/obscom.intervozes.org.br\/index.php?rest_route=\/wp\/v2\/posts"}],"about":[{"href":"https:\/\/obscom.intervozes.org.br\/index.php?rest_route=\/wp\/v2\/types\/post"}],"author":[{"embeddable":true,"href":"https:\/\/obscom.intervozes.org.br\/index.php?rest_route=\/wp\/v2\/users\/1"}],"replies":[{"embeddable":true,"href":"https:\/\/obscom.intervozes.org.br\/index.php?rest_route=%2Fwp%2Fv2%2Fcomments&post=19618"}],"version-history":[{"count":0,"href":"https:\/\/obscom.intervozes.org.br\/index.php?rest_route=\/wp\/v2\/posts\/19618\/revisions"}],"wp:attachment":[{"href":"https:\/\/obscom.intervozes.org.br\/index.php?rest_route=%2Fwp%2Fv2%2Fmedia&parent=19618"}],"wp:term":[{"taxonomy":"category","embeddable":true,"href":"https:\/\/obscom.intervozes.org.br\/index.php?rest_route=%2Fwp%2Fv2%2Fcategories&post=19618"},{"taxonomy":"post_tag","embeddable":true,"href":"https:\/\/obscom.intervozes.org.br\/index.php?rest_route=%2Fwp%2Fv2%2Ftags&post=19618"}],"curies":[{"name":"wp","href":"https:\/\/api.w.org\/{rel}","templated":true}]}}