{"id":19614,"date":"2007-10-28T09:38:46","date_gmt":"2007-10-28T09:38:46","guid":{"rendered":"https:\/\/obscom.intervozes.org.br\/wordpress\/?p=19614"},"modified":"2007-10-28T09:38:46","modified_gmt":"2007-10-28T09:38:46","slug":"festival-de-cinema-de-brasilia-abre-inscricoes-para-seminarios-e-workshops","status":"publish","type":"post","link":"https:\/\/obscom.intervozes.org.br\/?p=19614","title":{"rendered":"Festival de Cinema de Bras\u00edlia abre inscri\u00e7\u00f5es para semin\u00e1rios e workshops"},"content":{"rendered":"<p>A 40&ordf; edi&ccedil;&atilde;o do Festival de Bras&iacute;lia do Cinema Brasileiro recebe inscri&ccedil;&otilde;es para workshops, semin&aacute;rios e encontros at&eacute; o dia 12 de novembro. A programa&ccedil;&atilde;o conta com Workshop sobre o cr&iacute;tico de cinema Paulo Em&iacute;lio e semin&aacute;rios sobre roteiro, linguagem cinematogr&aacute;fica e produ&ccedil;&atilde;o de document&aacute;rios. O festival, que ocorre entre os dias 20 e 27 de novembro, oferece tamb&eacute;m oficina pr&aacute;tica para atores assim como an&aacute;lises sobre o mercado do audiovisual e o profissional do futuro. As inscri&ccedil;&otilde;es devem ser feitas pelo telefone (61) 3325-7777 ou <a href=\"mailto:festbrasilia@sc.df.gov.br\">festbrasilia@sc.df.gov.br<\/a><\/p>\n<p>As informna&ccedil;&otilde;es s&atilde;o da&nbsp;TELA VIVA News.<\/p>\n","protected":false},"excerpt":{"rendered":"<p>A 40&ordf; edi&ccedil;&atilde;o do Festival de Bras&iacute;lia do Cinema Brasileiro recebe inscri&ccedil;&otilde;es para workshops, semin&aacute;rios e encontros at&eacute; o dia 12 de novembro. A programa&ccedil;&atilde;o conta com Workshop sobre o cr&iacute;tico de cinema Paulo Em&iacute;lio e semin&aacute;rios sobre roteiro, linguagem cinematogr&aacute;fica e produ&ccedil;&atilde;o de document&aacute;rios. O festival, que ocorre entre os dias 20 e 27 &hellip; <a href=\"https:\/\/obscom.intervozes.org.br\/?p=19614\" class=\"more-link\">Continue lendo <span class=\"screen-reader-text\">Festival de Cinema de Bras\u00edlia abre inscri\u00e7\u00f5es para semin\u00e1rios e workshops<\/span> <span class=\"meta-nav\">&rarr;<\/span><\/a><\/p>\n","protected":false},"author":1,"featured_media":0,"comment_status":"open","ping_status":"open","sticky":false,"template":"","format":"standard","meta":{"footnotes":""},"categories":[39],"tags":[],"_links":{"self":[{"href":"https:\/\/obscom.intervozes.org.br\/index.php?rest_route=\/wp\/v2\/posts\/19614"}],"collection":[{"href":"https:\/\/obscom.intervozes.org.br\/index.php?rest_route=\/wp\/v2\/posts"}],"about":[{"href":"https:\/\/obscom.intervozes.org.br\/index.php?rest_route=\/wp\/v2\/types\/post"}],"author":[{"embeddable":true,"href":"https:\/\/obscom.intervozes.org.br\/index.php?rest_route=\/wp\/v2\/users\/1"}],"replies":[{"embeddable":true,"href":"https:\/\/obscom.intervozes.org.br\/index.php?rest_route=%2Fwp%2Fv2%2Fcomments&post=19614"}],"version-history":[{"count":0,"href":"https:\/\/obscom.intervozes.org.br\/index.php?rest_route=\/wp\/v2\/posts\/19614\/revisions"}],"wp:attachment":[{"href":"https:\/\/obscom.intervozes.org.br\/index.php?rest_route=%2Fwp%2Fv2%2Fmedia&parent=19614"}],"wp:term":[{"taxonomy":"category","embeddable":true,"href":"https:\/\/obscom.intervozes.org.br\/index.php?rest_route=%2Fwp%2Fv2%2Fcategories&post=19614"},{"taxonomy":"post_tag","embeddable":true,"href":"https:\/\/obscom.intervozes.org.br\/index.php?rest_route=%2Fwp%2Fv2%2Ftags&post=19614"}],"curies":[{"name":"wp","href":"https:\/\/api.w.org\/{rel}","templated":true}]}}