{"id":19609,"date":"2007-10-26T18:41:20","date_gmt":"2007-10-26T18:41:20","guid":{"rendered":"https:\/\/obscom.intervozes.org.br\/wordpress\/?p=19609"},"modified":"2014-09-07T02:54:29","modified_gmt":"2014-09-07T02:54:29","slug":"comissao-aprova-mudanca-no-fuso-da-regiao-norte","status":"publish","type":"post","link":"https:\/\/obscom.intervozes.org.br\/?p=19609","title":{"rendered":"Comiss\u00e3o aprova mudan\u00e7a no fuso da Regi\u00e3o Norte"},"content":{"rendered":"<p>A Comiss&atilde;o de Ci&ecirc;ncia e Tecnologia, Comunica&ccedil;&atilde;o e Inform&aacute;tica da C&acirc;mara dos Deputados aprovou projeto de lei que altera os fusos hor&aacute;rios de tr&ecirc;s estados. O texto extingue o fuso hor&aacute;rio do Acre e da parte mais ocidental do Amazonas. Nestas regi&otilde;es, os rel&oacute;gios passam a funcionar em sincronia com os demais estados da regi&atilde;o Norte e Centro-Oeste, ou seja, 1 hora a menos que a hora oficial de Bras&iacute;lia. No Par&aacute;, que antes era dividido por dois fusos diferentes, passa a valer apenas o hor&aacute;rio de Bras&iacute;lia.<\/p>\n<p>A proposta agora segue para a Comiss&atilde;o de Constitui&ccedil;&atilde;o e Justi&ccedil;a da C&acirc;mara. Como o texto modifica o projeto original do Senado, apresentado pelo senador Ti&atilde;o Viana (PT-AC), dever&aacute; voltar &agrave; casa para ser novamente apreciado.<\/p>\n<p>O projeto original de Viana previa apenas a extin&ccedil;&atilde;o do hor&aacute;rio acreano. O substitutivo, apresentado pela deputada Rebecca Garcia (PP-AM), incluiu a mudan&ccedil;a no Par&aacute;.<\/p>\n<p>A modifica&ccedil;&atilde;o dos fusos hor&aacute;rios brasileiros vai ao encontro dos interesses dos empres&aacute;rios do setor de comunica&ccedil;&atilde;o. Isso porque, em Janeiro, entra em vigor o dispositivo da Classifica&ccedil;&atilde;o Indicativa de Programas de TV que obriga a veicula&ccedil;&atilde;o dos programas nos hor&aacute;rios indicados segundo a hora local. A medida obriga os radiodifusores a adaptarem as grades de programa&ccedil;&atilde;o nos estados com diferentes fusos hor&aacute;rios.<\/p>\n<p>O texto aprovado na CCTCI, no entanto, atende apenas parcialmente o desejo dos radiodifusores. Sindicatos dos empres&aacute;rios de comunica&ccedil;&atilde;o da regi&atilde;o Norte esperavam que o substitutivo da deputada Rebecca Garcia unificasse todos os hor&aacute;rios vigentes no pa&iacute;s com o hor&aacute;rio de Bras&iacute;lia.<\/p>\n<p>Mat&eacute;rias relacionadas:<\/p>\n<p><a href=\"http:\/\/localhost\/intervozes_direitoacomunicacao\/wordpress\/?p=19531\">Emissoras agora querem mudar fuso hor&aacute;rio do pa&iacute;s<\/a><\/p>\n<p><a href=\"http:\/\/localhost\/intervozes_direitoacomunicacao\/wordpress\/?p=19541\">Popula&ccedil;&atilde;o resiste a mudan&ccedil;as no fuso hor&aacute;rio local<\/a> <\/p>\n<p>&nbsp;<\/p>\n<p>&nbsp;<\/p>\n","protected":false},"excerpt":{"rendered":"<p>A Comiss&atilde;o de Ci&ecirc;ncia e Tecnologia, Comunica&ccedil;&atilde;o e Inform&aacute;tica da C&acirc;mara dos Deputados aprovou projeto de lei que altera os fusos hor&aacute;rios de tr&ecirc;s estados. O texto extingue o fuso hor&aacute;rio do Acre e da parte mais ocidental do Amazonas. Nestas regi&otilde;es, os rel&oacute;gios passam a funcionar em sincronia com os demais estados da regi&atilde;o &hellip; <a href=\"https:\/\/obscom.intervozes.org.br\/?p=19609\" class=\"more-link\">Continue lendo <span class=\"screen-reader-text\">Comiss\u00e3o aprova mudan\u00e7a no fuso da Regi\u00e3o Norte<\/span> <span class=\"meta-nav\">&rarr;<\/span><\/a><\/p>\n","protected":false},"author":1,"featured_media":0,"comment_status":"open","ping_status":"open","sticky":false,"template":"","format":"standard","meta":{"footnotes":""},"categories":[40],"tags":[111],"_links":{"self":[{"href":"https:\/\/obscom.intervozes.org.br\/index.php?rest_route=\/wp\/v2\/posts\/19609"}],"collection":[{"href":"https:\/\/obscom.intervozes.org.br\/index.php?rest_route=\/wp\/v2\/posts"}],"about":[{"href":"https:\/\/obscom.intervozes.org.br\/index.php?rest_route=\/wp\/v2\/types\/post"}],"author":[{"embeddable":true,"href":"https:\/\/obscom.intervozes.org.br\/index.php?rest_route=\/wp\/v2\/users\/1"}],"replies":[{"embeddable":true,"href":"https:\/\/obscom.intervozes.org.br\/index.php?rest_route=%2Fwp%2Fv2%2Fcomments&post=19609"}],"version-history":[{"count":2,"href":"https:\/\/obscom.intervozes.org.br\/index.php?rest_route=\/wp\/v2\/posts\/19609\/revisions"}],"predecessor-version":[{"id":27792,"href":"https:\/\/obscom.intervozes.org.br\/index.php?rest_route=\/wp\/v2\/posts\/19609\/revisions\/27792"}],"wp:attachment":[{"href":"https:\/\/obscom.intervozes.org.br\/index.php?rest_route=%2Fwp%2Fv2%2Fmedia&parent=19609"}],"wp:term":[{"taxonomy":"category","embeddable":true,"href":"https:\/\/obscom.intervozes.org.br\/index.php?rest_route=%2Fwp%2Fv2%2Fcategories&post=19609"},{"taxonomy":"post_tag","embeddable":true,"href":"https:\/\/obscom.intervozes.org.br\/index.php?rest_route=%2Fwp%2Fv2%2Ftags&post=19609"}],"curies":[{"name":"wp","href":"https:\/\/api.w.org\/{rel}","templated":true}]}}