{"id":19604,"date":"2007-10-26T16:34:08","date_gmt":"2007-10-26T16:34:08","guid":{"rendered":"https:\/\/obscom.intervozes.org.br\/wordpress\/?p=19604"},"modified":"2007-10-26T16:34:08","modified_gmt":"2007-10-26T16:34:08","slug":"pl-que-cria-cota-para-animacao-nacional-tramita-na-camara","status":"publish","type":"post","link":"https:\/\/obscom.intervozes.org.br\/?p=19604","title":{"rendered":"PL que cria cota para anima\u00e7\u00e3o nacional tramita na C\u00e2mara"},"content":{"rendered":"<p>Um projeto de lei prop&otilde;e que a anima&ccedil;&atilde;o nacional tenha espa&ccedil;o garantido na TV brasileira. O PL 1821\/2003, do deputado Vicentinho (PT\/SP), que foi desarquivado em mar&ccedil;o deste ano, deve contar com uma audi&ecirc;ncia p&uacute;blica na Comiss&atilde;o de Ci&ecirc;ncia e Tecnologia, Comunica&ccedil;&atilde;o e Inform&aacute;tica (CCTCI) com a presen&ccedil;a do Minist&eacute;rio da Cultura e das associa&ccedil;&otilde;es do setor de anima&ccedil;&atilde;o. <\/p>\n<p>O projeto, apresentado em agosto de 2003 e arquivado em janeiro de 2007, determina que &quot;todas as emissoras de televis&atilde;o de sinal aberto e fechado ao p&uacute;blico apresentar&atilde;o percentuais m&iacute;nimos de desenhos animados produzidos nacionalmente&quot;. As cotas propostas no projeto s&atilde;o de 10% do total de produ&ccedil;&otilde;es de anima&ccedil;&atilde;o exibidas no primeiro ano de vig&ecirc;ncia da lei, crescendo anualmente at&eacute; 50% do total de produ&ccedil;&otilde;es exibidas.<\/p>\n<p>Na justificativa do PL, o deputado Vicentinho argumenta que 100% da programa&ccedil;&atilde;o de anima&ccedil;&atilde;o dirigida ao p&uacute;blico infantil &eacute; estrangeira &quot;e estranha &agrave;s nossas culturas regionais e nacional, pois tal programa&ccedil;&atilde;o, sobretudo, os desenhos animados, estimulam a concorr&ecirc;ncia, o ego&iacute;smo, a intoler&acirc;ncia racial, de g&ecirc;nero e de classe social&quot;.<\/p>\n","protected":false},"excerpt":{"rendered":"<p>Um projeto de lei prop&otilde;e que a anima&ccedil;&atilde;o nacional tenha espa&ccedil;o garantido na TV brasileira. O PL 1821\/2003, do deputado Vicentinho (PT\/SP), que foi desarquivado em mar&ccedil;o deste ano, deve contar com uma audi&ecirc;ncia p&uacute;blica na Comiss&atilde;o de Ci&ecirc;ncia e Tecnologia, Comunica&ccedil;&atilde;o e Inform&aacute;tica (CCTCI) com a presen&ccedil;a do Minist&eacute;rio da Cultura e das associa&ccedil;&otilde;es &hellip; <a href=\"https:\/\/obscom.intervozes.org.br\/?p=19604\" class=\"more-link\">Continue lendo <span class=\"screen-reader-text\">PL que cria cota para anima\u00e7\u00e3o nacional tramita na C\u00e2mara<\/span> <span class=\"meta-nav\">&rarr;<\/span><\/a><\/p>\n","protected":false},"author":1,"featured_media":0,"comment_status":"open","ping_status":"open","sticky":false,"template":"","format":"standard","meta":{"footnotes":""},"categories":[40],"tags":[120],"_links":{"self":[{"href":"https:\/\/obscom.intervozes.org.br\/index.php?rest_route=\/wp\/v2\/posts\/19604"}],"collection":[{"href":"https:\/\/obscom.intervozes.org.br\/index.php?rest_route=\/wp\/v2\/posts"}],"about":[{"href":"https:\/\/obscom.intervozes.org.br\/index.php?rest_route=\/wp\/v2\/types\/post"}],"author":[{"embeddable":true,"href":"https:\/\/obscom.intervozes.org.br\/index.php?rest_route=\/wp\/v2\/users\/1"}],"replies":[{"embeddable":true,"href":"https:\/\/obscom.intervozes.org.br\/index.php?rest_route=%2Fwp%2Fv2%2Fcomments&post=19604"}],"version-history":[{"count":0,"href":"https:\/\/obscom.intervozes.org.br\/index.php?rest_route=\/wp\/v2\/posts\/19604\/revisions"}],"wp:attachment":[{"href":"https:\/\/obscom.intervozes.org.br\/index.php?rest_route=%2Fwp%2Fv2%2Fmedia&parent=19604"}],"wp:term":[{"taxonomy":"category","embeddable":true,"href":"https:\/\/obscom.intervozes.org.br\/index.php?rest_route=%2Fwp%2Fv2%2Fcategories&post=19604"},{"taxonomy":"post_tag","embeddable":true,"href":"https:\/\/obscom.intervozes.org.br\/index.php?rest_route=%2Fwp%2Fv2%2Ftags&post=19604"}],"curies":[{"name":"wp","href":"https:\/\/api.w.org\/{rel}","templated":true}]}}